{"id":1100,"date":"2020-09-01T22:04:58","date_gmt":"2020-09-01T20:04:58","guid":{"rendered":"https:\/\/www.musikverein-neuthard.de\/?p=1100"},"modified":"2020-09-01T22:08:42","modified_gmt":"2020-09-01T20:08:42","slug":"verkaufsstart-chronik-des-musikvereins","status":"publish","type":"post","link":"https:\/\/www.musikverein-neuthard.de\/index.php\/2020\/09\/verkaufsstart-chronik-des-musikvereins\/","title":{"rendered":"Verkaufsstart Chronik des Musikvereins"},"content":{"rendered":"<p>Der Verkaufsstart der Vereinschronik hat begonnen. \u00c4hnliche Bilder und Artikel wie in unserer historisch interessanten Festschrift konnten Sie in den letzten Wochen schon auf diesen Seiten entdecken.<\/p>\n<p>Zum Preis von 12 Euro kann die werbefreie Festschrift bei jeder Musikerin und jedem Musiker gekauft werden. Nat\u00fcrlich findet auch ein Verkauf freitags w\u00e4hrend unserer Musikprobe auf dem Vereinsgel\u00e4nde im Freien statt.<\/p>\n","protected":false},"excerpt":{"rendered":"<p>Der Verkaufsstart der Vereinschronik hat begonnen. \u00c4hnliche Bilder und Artikel wie in unserer historisch interessanten Festschrift konnten Sie in den letzten Wochen schon auf diesen<\/p>\n","protected":false},"author":3,"featured_media":1103,"comment_status":"closed","ping_status":"closed","sticky":false,"template":"","format":"standard","meta":{"footnotes":""},"categories":[2],"tags":[],"class_list":["post-1100","post","type-post","status-publish","format-standard","has-post-thumbnail","hentry","category-aktuelles"],"_links":{"self":[{"href":"https:\/\/www.musikverein-neuthard.de\/index.php\/wp-json\/wp\/v2\/posts\/1100","targetHints":{"allow":["GET"]}}],"collection":[{"href":"https:\/\/www.musikverein-neuthard.de\/index.php\/wp-json\/wp\/v2\/posts"}],"about":[{"href":"https:\/\/www.musikverein-neuthard.de\/index.php\/wp-json\/wp\/v2\/types\/post"}],"author":[{"embeddable":true,"href":"https:\/\/www.musikverein-neuthard.de\/index.php\/wp-json\/wp\/v2\/users\/3"}],"replies":[{"embeddable":true,"href":"https:\/\/www.musikverein-neuthard.de\/index.php\/wp-json\/wp\/v2\/comments?post=1100"}],"version-history":[{"count":1,"href":"https:\/\/www.musikverein-neuthard.de\/index.php\/wp-json\/wp\/v2\/posts\/1100\/revisions"}],"predecessor-version":[{"id":1101,"href":"https:\/\/www.musikverein-neuthard.de\/index.php\/wp-json\/wp\/v2\/posts\/1100\/revisions\/1101"}],"wp:featuredmedia":[{"embeddable":true,"href":"https:\/\/www.musikverein-neuthard.de\/index.php\/wp-json\/wp\/v2\/media\/1103"}],"wp:attachment":[{"href":"https:\/\/www.musikverein-neuthard.de\/index.php\/wp-json\/wp\/v2\/media?parent=1100"}],"wp:term":[{"taxonomy":"category","embeddable":true,"href":"https:\/\/www.musikverein-neuthard.de\/index.php\/wp-json\/wp\/v2\/categories?post=1100"},{"taxonomy":"post_tag","embeddable":true,"href":"https:\/\/www.musikverein-neuthard.de\/index.php\/wp-json\/wp\/v2\/tags?post=1100"}],"curies":[{"name":"wp","href":"https:\/\/api.w.org\/{rel}","templated":true}]}}