{"id":1139,"date":"2020-12-06T20:28:01","date_gmt":"2020-12-06T19:28:01","guid":{"rendered":"https:\/\/www.musikverein-neuthard.de\/?p=1139"},"modified":"2020-12-06T20:32:58","modified_gmt":"2020-12-06T19:32:58","slug":"1139","status":"publish","type":"post","link":"https:\/\/www.musikverein-neuthard.de\/index.php\/2020\/12\/1139\/","title":{"rendered":"&#8222;Zum Engel&#8220; und der Musikverein"},"content":{"rendered":"<p>Das Gasthaus \u201eZum Engel\u201c in Neuthard ist wie kein Anderes, mit dem Musikverein Neuthard verbunden. Der 1919 aus dem Krieg heimgekehrte Engelwirt Adam Sch\u00e4fer, war Gr\u00fcnder und unser 1. Vorsitzender &#8211; er war der Mann der ersten Stunde. Vereins- und Probelokal war f\u00fcr die ersten Jahre selbstredend die Lokalit\u00e4t \u201eZum Engel\u201c. Dieses Ereignis j\u00e4hrte sich am 1. Dezember diesen Jahres zum 100. Mal.<\/p>\n<figure id=\"attachment_1141\" aria-describedby=\"caption-attachment-1141\" style=\"width: 576px\" class=\"wp-caption alignnone\"><a href=\"https:\/\/www.musikverein-neuthard.de\/wp-content\/uploads\/2020\/12\/2020-12_Engel1.jpg\"><img loading=\"lazy\" decoding=\"async\" class=\"size-full wp-image-1141\" src=\"https:\/\/www.musikverein-neuthard.de\/wp-content\/uploads\/2020\/12\/2020-12_Engel1.jpg\" alt=\"\" width=\"576\" height=\"432\" srcset=\"https:\/\/www.musikverein-neuthard.de\/wp-content\/uploads\/2020\/12\/2020-12_Engel1.jpg 576w, https:\/\/www.musikverein-neuthard.de\/wp-content\/uploads\/2020\/12\/2020-12_Engel1-300x225.jpg 300w\" sizes=\"auto, (max-width: 576px) 100vw, 576px\" \/><\/a><figcaption id=\"caption-attachment-1141\" class=\"wp-caption-text\">Adam Sch\u00e4fer<\/figcaption><\/figure>\n<p>Adam Sch\u00e4fer war es auch, der dem Verein 600,- Mark f\u00fcr die Beschaffung der notwendigen Musikinstrumente erm\u00f6glichte &#8211; sieben aktive Musiker z\u00e4hlte zu Beginn der Verein. Die Gr\u00fcndungsversammlung stie\u00df bei der damaligen Bev\u00f6lkerung auf gro\u00dfes Interesse. Man spricht von weit \u00fcber 100 Teilnehmern.<\/p>\n<p>Der jetzige Inhaber Lars Ruff, selbst jahrelang aktiver Musiker des 1. Orchesters, ist der Ur-Enkel unseres Vereinsgr\u00fcnders. Bis zuletzt wirbelten Lars, seine Frau Annamaria und auch die 78-j\u00e4hrige Anita Ruff, bis zu Ihrem Tod diesen Jahres, durch die R\u00e4umlichkeiten und stellten den Wirtschaftsbetrieb von Gastst\u00e4tte und Metzgerei sicher.<\/p>\n<figure id=\"attachment_1143\" aria-describedby=\"caption-attachment-1143\" style=\"width: 800px\" class=\"wp-caption alignnone\"><a href=\"https:\/\/www.musikverein-neuthard.de\/wp-content\/uploads\/2020\/12\/2020-12_Engel3.jpg\"><img loading=\"lazy\" decoding=\"async\" class=\"wp-image-1143 size-full\" src=\"https:\/\/www.musikverein-neuthard.de\/wp-content\/uploads\/2020\/12\/2020-12_Engel3.jpg\" alt=\"\" width=\"800\" height=\"600\" srcset=\"https:\/\/www.musikverein-neuthard.de\/wp-content\/uploads\/2020\/12\/2020-12_Engel3.jpg 800w, https:\/\/www.musikverein-neuthard.de\/wp-content\/uploads\/2020\/12\/2020-12_Engel3-300x225.jpg 300w, https:\/\/www.musikverein-neuthard.de\/wp-content\/uploads\/2020\/12\/2020-12_Engel3-768x576.jpg 768w\" sizes=\"auto, (max-width: 800px) 100vw, 800px\" \/><\/a><figcaption id=\"caption-attachment-1143\" class=\"wp-caption-text\">Lars und Karl Ruff<\/figcaption><\/figure>\n<p>Doch nun ist Schlu\u00df \u2026 aus freien St\u00fccken und wohl \u00fcberlegt zwar, aber &#8211; gezwungener Ma\u00dfen &#8211; ganz still und leise, ohne \u00f6ffentlichem Aufhebens, wie doch so vieles in dieser turbulenten Zeit \u2026<br \/>\nEs schlie\u00dft sich ein Kapitel in der Dorfgeschichte, als auch in unserer Vereinsgeschichte in gleichem Ma\u00dfe.<\/p>\n<p>Ein Engelwirt legte, vor genau 100 Jahren, in einer Zeit voller Entbehrungen und Unsicherheiten, den Grundstein f\u00fcr unseren Verein. Umso mehr ist es uns, dem Musikverein Neuthard, ein au\u00dferordentliches Bed\u00fcrfnis an dieser Stelle zu erinnern und \u201eDanke\u201c zu sagen: F\u00fcr die Bewirtung nach den Faschingsumz\u00fcgen, f\u00fcr das Wellfleisch am Morgen eines jeden Faschingsdienstag, f\u00fcr die unz\u00e4hligen, geselligen Stunden und daf\u00fcr, dass \u201een Halwa\u201c auch wirklich noch ein halber Liter Bier waren.<\/p>\n","protected":false},"excerpt":{"rendered":"<p>Das Gasthaus \u201eZum Engel\u201c in Neuthard ist wie kein Anderes, mit dem Musikverein Neuthard verbunden. Der 1919 aus dem Krieg heimgekehrte Engelwirt Adam Sch\u00e4fer, war<\/p>\n","protected":false},"author":3,"featured_media":1142,"comment_status":"closed","ping_status":"closed","sticky":false,"template":"","format":"standard","meta":{"footnotes":""},"categories":[2],"tags":[],"class_list":["post-1139","post","type-post","status-publish","format-standard","has-post-thumbnail","hentry","category-aktuelles"],"_links":{"self":[{"href":"https:\/\/www.musikverein-neuthard.de\/index.php\/wp-json\/wp\/v2\/posts\/1139","targetHints":{"allow":["GET"]}}],"collection":[{"href":"https:\/\/www.musikverein-neuthard.de\/index.php\/wp-json\/wp\/v2\/posts"}],"about":[{"href":"https:\/\/www.musikverein-neuthard.de\/index.php\/wp-json\/wp\/v2\/types\/post"}],"author":[{"embeddable":true,"href":"https:\/\/www.musikverein-neuthard.de\/index.php\/wp-json\/wp\/v2\/users\/3"}],"replies":[{"embeddable":true,"href":"https:\/\/www.musikverein-neuthard.de\/index.php\/wp-json\/wp\/v2\/comments?post=1139"}],"version-history":[{"count":5,"href":"https:\/\/www.musikverein-neuthard.de\/index.php\/wp-json\/wp\/v2\/posts\/1139\/revisions"}],"predecessor-version":[{"id":1147,"href":"https:\/\/www.musikverein-neuthard.de\/index.php\/wp-json\/wp\/v2\/posts\/1139\/revisions\/1147"}],"wp:featuredmedia":[{"embeddable":true,"href":"https:\/\/www.musikverein-neuthard.de\/index.php\/wp-json\/wp\/v2\/media\/1142"}],"wp:attachment":[{"href":"https:\/\/www.musikverein-neuthard.de\/index.php\/wp-json\/wp\/v2\/media?parent=1139"}],"wp:term":[{"taxonomy":"category","embeddable":true,"href":"https:\/\/www.musikverein-neuthard.de\/index.php\/wp-json\/wp\/v2\/categories?post=1139"},{"taxonomy":"post_tag","embeddable":true,"href":"https:\/\/www.musikverein-neuthard.de\/index.php\/wp-json\/wp\/v2\/tags?post=1139"}],"curies":[{"name":"wp","href":"https:\/\/api.w.org\/{rel}","templated":true}]}}