{"id":1169,"date":"2021-01-04T08:00:13","date_gmt":"2021-01-04T07:00:13","guid":{"rendered":"https:\/\/www.musikverein-neuthard.de\/?p=1169"},"modified":"2021-01-20T20:16:05","modified_gmt":"2021-01-20T19:16:05","slug":"geburtstagsgruesse-in-der-pandemie","status":"publish","type":"post","link":"https:\/\/www.musikverein-neuthard.de\/index.php\/2021\/01\/geburtstagsgruesse-in-der-pandemie\/","title":{"rendered":"Geburtstagsgr\u00fc\u00dfe in der Pandemie"},"content":{"rendered":"<p>Lieber Emil,<\/p>\n<p>da wir dir nicht pers\u00f6nlich gratulieren k\u00f6nnen, w\u00fcnscht dir dein Musikverein auf diesem Weg<\/p>\n<blockquote><p>Alles Gute, vor allem Gesundheit zu deinem 90. Geburtstag<\/p><\/blockquote>\n<p>Wir w\u00fcnschen dir noch viele gesunde Jahre, die du im Kreise deiner Musikkameraden erleben darfst und hoffen, dass wir bald wieder bei dir einkehren und von deinem &#8222;Angesetzten&#8220; kosten d\u00fcrfen.<\/p>\n<p><img loading=\"lazy\" decoding=\"async\" class=\"alignnone wp-image-1171 size-medium\" src=\"https:\/\/www.musikverein-neuthard.de\/wp-content\/uploads\/2021\/01\/2021-01_Emil-225x300.jpg\" alt=\"\" width=\"225\" height=\"300\" srcset=\"https:\/\/www.musikverein-neuthard.de\/wp-content\/uploads\/2021\/01\/2021-01_Emil-225x300.jpg 225w, https:\/\/www.musikverein-neuthard.de\/wp-content\/uploads\/2021\/01\/2021-01_Emil-768x1024.jpg 768w, https:\/\/www.musikverein-neuthard.de\/wp-content\/uploads\/2021\/01\/2021-01_Emil.jpg 960w\" sizes=\"auto, (max-width: 225px) 100vw, 225px\" \/><\/p>\n<h2>Emil Weinmann 90 Jahre<\/h2>\n<p>Unser gesch\u00e4tzter Freund und sehr langj\u00e4hriger Musiker konnte am 04.01.2021 seinen 90. Geburtstag feiern. In dieser Zeit durften wir uns leider nicht am Geburtstag zum gemeinsamen Feiern und Musizieren treffen. Einfach zu schade!<\/p>\n<p>Emil war bis zu seinem Ruhestand im Verein sehr aktiv. Er ist einer der damals jungen Musiker gewesen, die nach dem Krieg zum MVN gesto\u00dfen sind und \u00fcber Jahrzehnte das R\u00fcckgrat der Kapelle gebildet haben. Im Hause Weinmann selbst hat der MVN seit Anbeginn eine gro\u00dfe Tradition.<\/p>\n<figure id=\"attachment_1180\" aria-describedby=\"caption-attachment-1180\" style=\"width: 900px\" class=\"wp-caption alignnone\"><a href=\"https:\/\/www.musikverein-neuthard.de\/wp-content\/uploads\/2021\/01\/2021-01_KapelleBrecht.jpg\"><img loading=\"lazy\" decoding=\"async\" class=\"wp-image-1180 size-large\" src=\"https:\/\/www.musikverein-neuthard.de\/wp-content\/uploads\/2021\/01\/2021-01_KapelleBrecht-1024x543.jpg\" alt=\"\" width=\"900\" height=\"477\" srcset=\"https:\/\/www.musikverein-neuthard.de\/wp-content\/uploads\/2021\/01\/2021-01_KapelleBrecht-1024x543.jpg 1024w, https:\/\/www.musikverein-neuthard.de\/wp-content\/uploads\/2021\/01\/2021-01_KapelleBrecht-300x159.jpg 300w, https:\/\/www.musikverein-neuthard.de\/wp-content\/uploads\/2021\/01\/2021-01_KapelleBrecht-768x407.jpg 768w, https:\/\/www.musikverein-neuthard.de\/wp-content\/uploads\/2021\/01\/2021-01_KapelleBrecht.jpg 1536w\" sizes=\"auto, (max-width: 900px) 100vw, 900px\" \/><\/a><figcaption id=\"caption-attachment-1180\" class=\"wp-caption-text\">Kapelle unter Dirigent Brecht<\/figcaption><\/figure>\n<p>Vater Emil Weinmann war 1920 einer der Initiatoren des MVN. Lange Jahre war er als Bassist ein wichtiger Teil der Kapelle, bekannt als \u201eBass-Emil\u201c. Nach dem Krieg 1948 hat er dann wie andere der Neutharder Blasmusiker auch als Nachwuchs seinen Sohn Emil kurzerhand mit zur Probe gebracht. Dieser sollte Klarinette lernen und spielen. Emil jun. tat das einige Zeit, aber sein innerer Wunsch war es\u201a wie sein Vater eine Tuba zu blasen. Damit hat er seinen Vater schlie\u00dflich \u00fcberrascht. Seither gab es beim MVN einen Bass-Emil sen. und einen Bass-Emil jun.<\/p>\n<p>Junge Musiker wollen zur Unterhaltung beitragen. So wurde 1948 eine neue Tanzkapelle DOMINO gegr\u00fcndet, in der Emil Weinmann als Multitalent das Altsaxophon bediente. Diese 6 Neutharder Musiker blieben viele Jahre zusammen.<\/p>\n<p>Bass-Emil jun. war ab 1959 auch der Jugendleiter der neugegr\u00fcndeten Sch\u00fclerkapelle. Erw\u00e4hnenswert ist, dass Nachkommen der Familie Weinmann noch immer beim MVN initiativ ist. Unsere Vorst\u00e4ndin Elke Kratschmann ist die Tochter von Emils Schwester Gislinde Esswein, geb. Weinmann, also seine Nichte.<\/p>\n","protected":false},"excerpt":{"rendered":"<p>Lieber Emil, da wir dir nicht pers\u00f6nlich gratulieren k\u00f6nnen, w\u00fcnscht dir dein Musikverein auf diesem Weg Alles Gute, vor allem Gesundheit zu deinem 90. Geburtstag<\/p>\n","protected":false},"author":3,"featured_media":0,"comment_status":"closed","ping_status":"closed","sticky":false,"template":"","format":"standard","meta":{"footnotes":""},"categories":[2],"tags":[],"class_list":["post-1169","post","type-post","status-publish","format-standard","hentry","category-aktuelles"],"_links":{"self":[{"href":"https:\/\/www.musikverein-neuthard.de\/index.php\/wp-json\/wp\/v2\/posts\/1169","targetHints":{"allow":["GET"]}}],"collection":[{"href":"https:\/\/www.musikverein-neuthard.de\/index.php\/wp-json\/wp\/v2\/posts"}],"about":[{"href":"https:\/\/www.musikverein-neuthard.de\/index.php\/wp-json\/wp\/v2\/types\/post"}],"author":[{"embeddable":true,"href":"https:\/\/www.musikverein-neuthard.de\/index.php\/wp-json\/wp\/v2\/users\/3"}],"replies":[{"embeddable":true,"href":"https:\/\/www.musikverein-neuthard.de\/index.php\/wp-json\/wp\/v2\/comments?post=1169"}],"version-history":[{"count":9,"href":"https:\/\/www.musikverein-neuthard.de\/index.php\/wp-json\/wp\/v2\/posts\/1169\/revisions"}],"predecessor-version":[{"id":1189,"href":"https:\/\/www.musikverein-neuthard.de\/index.php\/wp-json\/wp\/v2\/posts\/1169\/revisions\/1189"}],"wp:attachment":[{"href":"https:\/\/www.musikverein-neuthard.de\/index.php\/wp-json\/wp\/v2\/media?parent=1169"}],"wp:term":[{"taxonomy":"category","embeddable":true,"href":"https:\/\/www.musikverein-neuthard.de\/index.php\/wp-json\/wp\/v2\/categories?post=1169"},{"taxonomy":"post_tag","embeddable":true,"href":"https:\/\/www.musikverein-neuthard.de\/index.php\/wp-json\/wp\/v2\/tags?post=1169"}],"curies":[{"name":"wp","href":"https:\/\/api.w.org\/{rel}","templated":true}]}}