{"id":1183,"date":"2021-01-20T20:04:02","date_gmt":"2021-01-20T19:04:02","guid":{"rendered":"https:\/\/www.musikverein-neuthard.de\/?p=1183"},"modified":"2021-01-20T20:04:02","modified_gmt":"2021-01-20T19:04:02","slug":"nachwuchs-im-floetenregister","status":"publish","type":"post","link":"https:\/\/www.musikverein-neuthard.de\/index.php\/2021\/01\/nachwuchs-im-floetenregister\/","title":{"rendered":"Nachwuchs im Fl\u00f6tenregister"},"content":{"rendered":"<p>Es gibt auch sch\u00f6ne Nachrichten zu vermelden. Vergangene Woche brachte Sarah Heidorn ein kleines M\u00e4dchen namens Hanna auf die Welt. Mutter und Kind sind wohlauf, was wir vom Vater auch hoffen. An dieser Stelle gratulieren wir ganz herzlich Sarah und Frank zur Geburt Ihrer Tocher und w\u00fcnschen Euch viel Gl\u00fcck, Gesundheit und Freude mit der neuen Erdenb\u00fcrgerin.<\/p>\n","protected":false},"excerpt":{"rendered":"<p>Es gibt auch sch\u00f6ne Nachrichten zu vermelden. Vergangene Woche brachte Sarah Heidorn ein kleines M\u00e4dchen namens Hanna auf die Welt. Mutter und Kind sind wohlauf,<\/p>\n","protected":false},"author":3,"featured_media":0,"comment_status":"closed","ping_status":"closed","sticky":false,"template":"","format":"standard","meta":{"footnotes":""},"categories":[2],"tags":[],"class_list":["post-1183","post","type-post","status-publish","format-standard","hentry","category-aktuelles"],"_links":{"self":[{"href":"https:\/\/www.musikverein-neuthard.de\/index.php\/wp-json\/wp\/v2\/posts\/1183","targetHints":{"allow":["GET"]}}],"collection":[{"href":"https:\/\/www.musikverein-neuthard.de\/index.php\/wp-json\/wp\/v2\/posts"}],"about":[{"href":"https:\/\/www.musikverein-neuthard.de\/index.php\/wp-json\/wp\/v2\/types\/post"}],"author":[{"embeddable":true,"href":"https:\/\/www.musikverein-neuthard.de\/index.php\/wp-json\/wp\/v2\/users\/3"}],"replies":[{"embeddable":true,"href":"https:\/\/www.musikverein-neuthard.de\/index.php\/wp-json\/wp\/v2\/comments?post=1183"}],"version-history":[{"count":1,"href":"https:\/\/www.musikverein-neuthard.de\/index.php\/wp-json\/wp\/v2\/posts\/1183\/revisions"}],"predecessor-version":[{"id":1184,"href":"https:\/\/www.musikverein-neuthard.de\/index.php\/wp-json\/wp\/v2\/posts\/1183\/revisions\/1184"}],"wp:attachment":[{"href":"https:\/\/www.musikverein-neuthard.de\/index.php\/wp-json\/wp\/v2\/media?parent=1183"}],"wp:term":[{"taxonomy":"category","embeddable":true,"href":"https:\/\/www.musikverein-neuthard.de\/index.php\/wp-json\/wp\/v2\/categories?post=1183"},{"taxonomy":"post_tag","embeddable":true,"href":"https:\/\/www.musikverein-neuthard.de\/index.php\/wp-json\/wp\/v2\/tags?post=1183"}],"curies":[{"name":"wp","href":"https:\/\/api.w.org\/{rel}","templated":true}]}}