{"id":1202,"date":"2021-02-19T09:32:11","date_gmt":"2021-02-19T08:32:11","guid":{"rendered":"https:\/\/www.musikverein-neuthard.de\/?p=1202"},"modified":"2021-02-27T09:43:58","modified_gmt":"2021-02-27T08:43:58","slug":"liebe-naerrinnen-liebe-narren-2","status":"publish","type":"post","link":"https:\/\/www.musikverein-neuthard.de\/index.php\/2021\/02\/liebe-naerrinnen-liebe-narren-2\/","title":{"rendered":"Liebe N\u00e4rrinnen, liebe Narren,"},"content":{"rendered":"<p>nun w\u00e4re es endlich wieder soweit. Die 5. Jahreszeit ist gekommen. Letzte Woche w\u00e4ren wir in Spessart, Frankfurt, Ettlingen, B\u00fcchenau, beim Kappenabend des MVN und das Highlight dienstagmorgens in Neuthard unterwegs gewesen. Leider fallen dieses Jahr alle Veranstaltungen aus. Seit der Gr\u00fcndung der NFD im Jahre 1986, haben die Neidamer Fasnachts Dudler bei Umz\u00fcgen und Prunksitzungen gute Stimmung verbreitet. Nur 1991 mussten wir, wie dieses Jahr, aufgrund des Golfkrieges, an Fasching daheimbleiben. Dennoch freuen wir uns heute schon auf n\u00e4chstes Jahr, wenn wir alle wieder gemeinsam auf den Umz\u00fcgen spielen k\u00f6nnen und die n\u00e4rrische Zeit genie\u00dfen.<\/p>\n<p>Wir hoffen Ihr bleibt bis dahin alle gesund und wir sehen uns auf jeden Fall im n\u00e4chsten Jahr.<\/p>\n<p>Euer Elferrat.<\/p>\n","protected":false},"excerpt":{"rendered":"<p>nun w\u00e4re es endlich wieder soweit. Die 5. Jahreszeit ist gekommen. Letzte Woche w\u00e4ren wir in Spessart, Frankfurt, Ettlingen, B\u00fcchenau, beim Kappenabend des MVN und<\/p>\n","protected":false},"author":3,"featured_media":1213,"comment_status":"closed","ping_status":"closed","sticky":false,"template":"","format":"standard","meta":{"footnotes":""},"categories":[2],"tags":[],"class_list":["post-1202","post","type-post","status-publish","format-standard","has-post-thumbnail","hentry","category-aktuelles"],"_links":{"self":[{"href":"https:\/\/www.musikverein-neuthard.de\/index.php\/wp-json\/wp\/v2\/posts\/1202","targetHints":{"allow":["GET"]}}],"collection":[{"href":"https:\/\/www.musikverein-neuthard.de\/index.php\/wp-json\/wp\/v2\/posts"}],"about":[{"href":"https:\/\/www.musikverein-neuthard.de\/index.php\/wp-json\/wp\/v2\/types\/post"}],"author":[{"embeddable":true,"href":"https:\/\/www.musikverein-neuthard.de\/index.php\/wp-json\/wp\/v2\/users\/3"}],"replies":[{"embeddable":true,"href":"https:\/\/www.musikverein-neuthard.de\/index.php\/wp-json\/wp\/v2\/comments?post=1202"}],"version-history":[{"count":1,"href":"https:\/\/www.musikverein-neuthard.de\/index.php\/wp-json\/wp\/v2\/posts\/1202\/revisions"}],"predecessor-version":[{"id":1203,"href":"https:\/\/www.musikverein-neuthard.de\/index.php\/wp-json\/wp\/v2\/posts\/1202\/revisions\/1203"}],"wp:featuredmedia":[{"embeddable":true,"href":"https:\/\/www.musikverein-neuthard.de\/index.php\/wp-json\/wp\/v2\/media\/1213"}],"wp:attachment":[{"href":"https:\/\/www.musikverein-neuthard.de\/index.php\/wp-json\/wp\/v2\/media?parent=1202"}],"wp:term":[{"taxonomy":"category","embeddable":true,"href":"https:\/\/www.musikverein-neuthard.de\/index.php\/wp-json\/wp\/v2\/categories?post=1202"},{"taxonomy":"post_tag","embeddable":true,"href":"https:\/\/www.musikverein-neuthard.de\/index.php\/wp-json\/wp\/v2\/tags?post=1202"}],"curies":[{"name":"wp","href":"https:\/\/api.w.org\/{rel}","templated":true}]}}