{"id":1217,"date":"2021-03-11T23:34:24","date_gmt":"2021-03-11T22:34:24","guid":{"rendered":"https:\/\/www.musikverein-neuthard.de\/?p=1217"},"modified":"2021-03-11T23:34:24","modified_gmt":"2021-03-11T22:34:24","slug":"es-sollte-etwas-ganz-besonderes-werden","status":"publish","type":"post","link":"https:\/\/www.musikverein-neuthard.de\/index.php\/2021\/03\/es-sollte-etwas-ganz-besonderes-werden\/","title":{"rendered":"Es sollte etwas ganz Besonderes werden!"},"content":{"rendered":"<p>Das Jahr 2020 sollte ein ganz besonderes Jahr werden. 100 Jahre MV Neuthard \u2013 die Vorbereitungen liefen seit mehreren Monaten. Wir alle wollten die Vereinsgeschichte aufleben lassen und weiterschreiben. Unvergleichlich und unvergesslich sollte es nicht nur f\u00fcr den MVN werden, sondern f\u00fcr alle Mitb\u00fcrger. Doch es kam &#8211; wie Ihr wisst &#8211; leider alles ganz anders als geplant.<\/p>\n<p>Im Sommer 2020 waren wir noch alle frohen Mutes und glaubten, sowohl das Jubil\u00e4umskonzert im M\u00e4rz 2021, als auch das gro\u00dfe Jubil\u00e4umsfest 100+1 im Juli 2021 veranstalten zu k\u00f6nnen.<\/p>\n<p>Regelm\u00e4\u00dfig alle vier Wochen trafen und treffen sich Vorstand und Verwaltung in einer virtuellen Sitzung und besprechen die aktuelle Lage des Vereins. Besonders schwer sind uns Entscheidungen zu unseren geplanten Festlichkeiten gefallen.<\/p>\n<p>Doch trotz angek\u00fcndigter Lockerungen des Lockdowns ist die Infektionslage immer noch prek\u00e4r. Ein Probenbeginn f\u00fcr die verschiedenen Orchester unseres Vereins oder gar kleine Feste zu veranstalten, liegen noch in unbekannter Ferne.<\/p>\n<p>Unter Ber\u00fccksichtigung der aktuellen Lage hat sich die Vereinsverwaltung folgerichtig aber schweren Herzens entschlossen, bereits jetzt unser Jubil\u00e4umsfest auf der Bruchb\u00fchlanlage endg\u00fcltig abzusagen. Es wird auch keinen Nachholtermin geben. Auch unser Fr\u00fchjahrskonzert, das urspr\u00fcnglich auf den 27.3.2021 terminiert war, k\u00f6nnen wir nicht durchf\u00fchren.<\/p>\n<p>Aber seid versichert: der MVN sitzt in den Startl\u00f6chern. Sobald es die Verordnungen zulassen, werden wir mit den Proben und Planungen f\u00fcr Festivit\u00e4ten beginnen.<\/p>\n<p>Der Musikverein Neuthard wird wieder da sein. Wir freuen uns auf das Wiedersehen mit Euch. Bleibt alle gesund und haltet tapfer durch.<\/p>\n<p>Eure Verwaltung des MVN<\/p>\n","protected":false},"excerpt":{"rendered":"<p>Das Jahr 2020 sollte ein ganz besonderes Jahr werden. 100 Jahre MV Neuthard \u2013 die Vorbereitungen liefen seit mehreren Monaten. Wir alle wollten die Vereinsgeschichte<\/p>\n","protected":false},"author":3,"featured_media":0,"comment_status":"closed","ping_status":"closed","sticky":false,"template":"","format":"standard","meta":{"footnotes":""},"categories":[2],"tags":[],"class_list":["post-1217","post","type-post","status-publish","format-standard","hentry","category-aktuelles"],"_links":{"self":[{"href":"https:\/\/www.musikverein-neuthard.de\/index.php\/wp-json\/wp\/v2\/posts\/1217","targetHints":{"allow":["GET"]}}],"collection":[{"href":"https:\/\/www.musikverein-neuthard.de\/index.php\/wp-json\/wp\/v2\/posts"}],"about":[{"href":"https:\/\/www.musikverein-neuthard.de\/index.php\/wp-json\/wp\/v2\/types\/post"}],"author":[{"embeddable":true,"href":"https:\/\/www.musikverein-neuthard.de\/index.php\/wp-json\/wp\/v2\/users\/3"}],"replies":[{"embeddable":true,"href":"https:\/\/www.musikverein-neuthard.de\/index.php\/wp-json\/wp\/v2\/comments?post=1217"}],"version-history":[{"count":1,"href":"https:\/\/www.musikverein-neuthard.de\/index.php\/wp-json\/wp\/v2\/posts\/1217\/revisions"}],"predecessor-version":[{"id":1218,"href":"https:\/\/www.musikverein-neuthard.de\/index.php\/wp-json\/wp\/v2\/posts\/1217\/revisions\/1218"}],"wp:attachment":[{"href":"https:\/\/www.musikverein-neuthard.de\/index.php\/wp-json\/wp\/v2\/media?parent=1217"}],"wp:term":[{"taxonomy":"category","embeddable":true,"href":"https:\/\/www.musikverein-neuthard.de\/index.php\/wp-json\/wp\/v2\/categories?post=1217"},{"taxonomy":"post_tag","embeddable":true,"href":"https:\/\/www.musikverein-neuthard.de\/index.php\/wp-json\/wp\/v2\/tags?post=1217"}],"curies":[{"name":"wp","href":"https:\/\/api.w.org\/{rel}","templated":true}]}}