{"id":1246,"date":"2021-04-03T09:44:10","date_gmt":"2021-04-03T07:44:10","guid":{"rendered":"https:\/\/www.musikverein-neuthard.de\/?p=1246"},"modified":"2021-04-03T09:53:36","modified_gmt":"2021-04-03T07:53:36","slug":"ostergruesse-2","status":"publish","type":"post","link":"https:\/\/www.musikverein-neuthard.de\/index.php\/2021\/04\/ostergruesse-2\/","title":{"rendered":"Ostergr\u00fc\u00dfe"},"content":{"rendered":"<p>Liebe Jungmusiker,<\/p>\n<p>leider ist es schon viel zu lange her, dass wir uns gesehen und gemeinsam musiziert haben (z.B. bei unserem letzten Konzert in 2019, wie auf dem Foto). Wir hoffen, es geht Euch gut und ihr vermisst das gemeinsame Proben genauso sehr wie wir!<\/p>\n<p>Letzte Woche w\u00e4re unser j\u00e4hrliches Fr\u00fchjahrskonzert gewesen \u2026 Daher freuen wir uns heute schon auf die n\u00e4chsten gemeinsamen Auftritte \u2013 hoffentlich im Sommer!<\/p>\n<p>Als kleine \u00dcberraschung wird Euch \u00fcber das Osterwochenende ein MVN-Ostergru\u00df der Jugendverwaltung vor die T\u00fcr gestellt, der Euch hoffentlich eine kleine Freude bereiten wird.<\/p>\n<p>Bleibt gesund und bis bald!<\/p>\n","protected":false},"excerpt":{"rendered":"<p>Liebe Jungmusiker, leider ist es schon viel zu lange her, dass wir uns gesehen und gemeinsam musiziert haben (z.B. bei unserem letzten Konzert in 2019,<\/p>\n","protected":false},"author":3,"featured_media":699,"comment_status":"closed","ping_status":"closed","sticky":false,"template":"","format":"standard","meta":{"footnotes":""},"categories":[2],"tags":[],"class_list":["post-1246","post","type-post","status-publish","format-standard","has-post-thumbnail","hentry","category-aktuelles"],"_links":{"self":[{"href":"https:\/\/www.musikverein-neuthard.de\/index.php\/wp-json\/wp\/v2\/posts\/1246","targetHints":{"allow":["GET"]}}],"collection":[{"href":"https:\/\/www.musikverein-neuthard.de\/index.php\/wp-json\/wp\/v2\/posts"}],"about":[{"href":"https:\/\/www.musikverein-neuthard.de\/index.php\/wp-json\/wp\/v2\/types\/post"}],"author":[{"embeddable":true,"href":"https:\/\/www.musikverein-neuthard.de\/index.php\/wp-json\/wp\/v2\/users\/3"}],"replies":[{"embeddable":true,"href":"https:\/\/www.musikverein-neuthard.de\/index.php\/wp-json\/wp\/v2\/comments?post=1246"}],"version-history":[{"count":2,"href":"https:\/\/www.musikverein-neuthard.de\/index.php\/wp-json\/wp\/v2\/posts\/1246\/revisions"}],"predecessor-version":[{"id":1248,"href":"https:\/\/www.musikverein-neuthard.de\/index.php\/wp-json\/wp\/v2\/posts\/1246\/revisions\/1248"}],"wp:featuredmedia":[{"embeddable":true,"href":"https:\/\/www.musikverein-neuthard.de\/index.php\/wp-json\/wp\/v2\/media\/699"}],"wp:attachment":[{"href":"https:\/\/www.musikverein-neuthard.de\/index.php\/wp-json\/wp\/v2\/media?parent=1246"}],"wp:term":[{"taxonomy":"category","embeddable":true,"href":"https:\/\/www.musikverein-neuthard.de\/index.php\/wp-json\/wp\/v2\/categories?post=1246"},{"taxonomy":"post_tag","embeddable":true,"href":"https:\/\/www.musikverein-neuthard.de\/index.php\/wp-json\/wp\/v2\/tags?post=1246"}],"curies":[{"name":"wp","href":"https:\/\/api.w.org\/{rel}","templated":true}]}}