{"id":1250,"date":"2021-04-18T13:29:48","date_gmt":"2021-04-18T11:29:48","guid":{"rendered":"https:\/\/www.musikverein-neuthard.de\/?p=1250"},"modified":"2021-04-18T13:37:28","modified_gmt":"2021-04-18T11:37:28","slug":"aergernis-nicht-nur-in-dieser-woche","status":"publish","type":"post","link":"https:\/\/www.musikverein-neuthard.de\/index.php\/2021\/04\/aergernis-nicht-nur-in-dieser-woche\/","title":{"rendered":"\u00c4rgernis, nicht nur in dieser Woche"},"content":{"rendered":"<p>Wochenlang haben wir geschwiegen und ein Auge zugedr\u00fcckt. Ehrenamtlich haben unsere Musiker wieder und wieder den M\u00fcll, insbesondere auf der Kellertreppe und unter der Pergola, entsorgt und \u201eklar Schiff&#8220; gemacht. Wir geben uns viel M\u00fche mit unserer Au\u00dfenanlage. Gutm\u00fctigerweise haben wir ein Auge zugedr\u00fcckt und gehofft, es bleibt bei Einzelf\u00e4llen. Aber weit gefehlt. Mittlerweile haben die \u201eillegalen&#8220; Treffen auf unserer Au\u00dfenanlage gr\u00f6\u00dfere Dimensionen angenommen. Deshalb ist es nun an der Zeit, diese Missst\u00e4nde \u00f6ffentlich zu machen.<\/p>\n<p>Unser Haus der Musik ist ein kultureller Treffpunkt und darf in der momentanen pandemischen Zeit leider nicht benutzt werden. Dies gilt nat\u00fcrlich auch\u00a0vor allem f\u00fcr alle Unbefugten.<\/p>\n<p>An dieser Stelle deshalb der Aufruf an alle:<br \/>\n<strong>Helft uns, unser Haus der Musik sauber zu halten!<\/strong> Erspart uns, das Ordnungsamt oder die Polizei einschalten zu m\u00fcssen!<\/p>\n","protected":false},"excerpt":{"rendered":"<p>Wochenlang haben wir geschwiegen und ein Auge zugedr\u00fcckt. Ehrenamtlich haben unsere Musiker wieder und wieder den M\u00fcll, insbesondere auf der Kellertreppe und unter der Pergola,<\/p>\n","protected":false},"author":3,"featured_media":1254,"comment_status":"closed","ping_status":"closed","sticky":false,"template":"","format":"standard","meta":{"footnotes":""},"categories":[2],"tags":[],"class_list":["post-1250","post","type-post","status-publish","format-standard","has-post-thumbnail","hentry","category-aktuelles"],"_links":{"self":[{"href":"https:\/\/www.musikverein-neuthard.de\/index.php\/wp-json\/wp\/v2\/posts\/1250","targetHints":{"allow":["GET"]}}],"collection":[{"href":"https:\/\/www.musikverein-neuthard.de\/index.php\/wp-json\/wp\/v2\/posts"}],"about":[{"href":"https:\/\/www.musikverein-neuthard.de\/index.php\/wp-json\/wp\/v2\/types\/post"}],"author":[{"embeddable":true,"href":"https:\/\/www.musikverein-neuthard.de\/index.php\/wp-json\/wp\/v2\/users\/3"}],"replies":[{"embeddable":true,"href":"https:\/\/www.musikverein-neuthard.de\/index.php\/wp-json\/wp\/v2\/comments?post=1250"}],"version-history":[{"count":1,"href":"https:\/\/www.musikverein-neuthard.de\/index.php\/wp-json\/wp\/v2\/posts\/1250\/revisions"}],"predecessor-version":[{"id":1251,"href":"https:\/\/www.musikverein-neuthard.de\/index.php\/wp-json\/wp\/v2\/posts\/1250\/revisions\/1251"}],"wp:featuredmedia":[{"embeddable":true,"href":"https:\/\/www.musikverein-neuthard.de\/index.php\/wp-json\/wp\/v2\/media\/1254"}],"wp:attachment":[{"href":"https:\/\/www.musikverein-neuthard.de\/index.php\/wp-json\/wp\/v2\/media?parent=1250"}],"wp:term":[{"taxonomy":"category","embeddable":true,"href":"https:\/\/www.musikverein-neuthard.de\/index.php\/wp-json\/wp\/v2\/categories?post=1250"},{"taxonomy":"post_tag","embeddable":true,"href":"https:\/\/www.musikverein-neuthard.de\/index.php\/wp-json\/wp\/v2\/tags?post=1250"}],"curies":[{"name":"wp","href":"https:\/\/api.w.org\/{rel}","templated":true}]}}