{"id":1260,"date":"2021-05-06T22:16:25","date_gmt":"2021-05-06T20:16:25","guid":{"rendered":"https:\/\/www.musikverein-neuthard.de\/?p=1260"},"modified":"2021-05-06T22:18:15","modified_gmt":"2021-05-06T20:18:15","slug":"der-mai-ist-gekommen","status":"publish","type":"post","link":"https:\/\/www.musikverein-neuthard.de\/index.php\/2021\/05\/der-mai-ist-gekommen\/","title":{"rendered":"Der Mai ist gekommen &#8230;"},"content":{"rendered":"<p>Dieses Jahr und letztes Jahr mit leisen Schritten &#8230;<\/p>\n<p>Zeit sich an andere Walpurgisn\u00e4chte zu erinnern. Seit einigen Jahrzehnten ist es Tradition, in der Nacht zum 1. Mai die Neutharder Dorfbewohner mit dem Klassiker \u201eDer Mai ist gekommen&#8220; an ihre Pflichten als Gastgeber melodi\u00f6s zu erinnern. Eine Gruppe Musiker zieht musizierend durch den Ort und besucht aktive und passive Musiker, Ehrenmusiker und G\u00f6nner des Musikvereins. Spielt ihnen den Maischlager und st\u00e4rkt sich danach mit Getr\u00e4nken und kleinen Snacks.<\/p>\n<p>Also aufgepasst, n\u00e4chstes Jahr ist es mit Sicherheit wieder so weit. In der Nacht vom 30. April auf den 1. Mai unbedingt wach bleiben, Getr\u00e4nke und Essen bereithalten und einfach auf die zarten Kl\u00e4nge der Musiker lauschen!<\/p>\n<p>(Das Foto zeigt eine Archivaufnahme aus dem Jahr 2018.)<\/p>\n","protected":false},"excerpt":{"rendered":"<p>Dieses Jahr und letztes Jahr mit leisen Schritten &#8230; Zeit sich an andere Walpurgisn\u00e4chte zu erinnern. Seit einigen Jahrzehnten ist es Tradition, in der Nacht<\/p>\n","protected":false},"author":3,"featured_media":1262,"comment_status":"closed","ping_status":"closed","sticky":false,"template":"","format":"standard","meta":{"footnotes":""},"categories":[2],"tags":[],"class_list":["post-1260","post","type-post","status-publish","format-standard","has-post-thumbnail","hentry","category-aktuelles"],"_links":{"self":[{"href":"https:\/\/www.musikverein-neuthard.de\/index.php\/wp-json\/wp\/v2\/posts\/1260","targetHints":{"allow":["GET"]}}],"collection":[{"href":"https:\/\/www.musikverein-neuthard.de\/index.php\/wp-json\/wp\/v2\/posts"}],"about":[{"href":"https:\/\/www.musikverein-neuthard.de\/index.php\/wp-json\/wp\/v2\/types\/post"}],"author":[{"embeddable":true,"href":"https:\/\/www.musikverein-neuthard.de\/index.php\/wp-json\/wp\/v2\/users\/3"}],"replies":[{"embeddable":true,"href":"https:\/\/www.musikverein-neuthard.de\/index.php\/wp-json\/wp\/v2\/comments?post=1260"}],"version-history":[{"count":2,"href":"https:\/\/www.musikverein-neuthard.de\/index.php\/wp-json\/wp\/v2\/posts\/1260\/revisions"}],"predecessor-version":[{"id":1263,"href":"https:\/\/www.musikverein-neuthard.de\/index.php\/wp-json\/wp\/v2\/posts\/1260\/revisions\/1263"}],"wp:featuredmedia":[{"embeddable":true,"href":"https:\/\/www.musikverein-neuthard.de\/index.php\/wp-json\/wp\/v2\/media\/1262"}],"wp:attachment":[{"href":"https:\/\/www.musikverein-neuthard.de\/index.php\/wp-json\/wp\/v2\/media?parent=1260"}],"wp:term":[{"taxonomy":"category","embeddable":true,"href":"https:\/\/www.musikverein-neuthard.de\/index.php\/wp-json\/wp\/v2\/categories?post=1260"},{"taxonomy":"post_tag","embeddable":true,"href":"https:\/\/www.musikverein-neuthard.de\/index.php\/wp-json\/wp\/v2\/tags?post=1260"}],"curies":[{"name":"wp","href":"https:\/\/api.w.org\/{rel}","templated":true}]}}