{"id":1264,"date":"2021-05-06T22:21:01","date_gmt":"2021-05-06T20:21:01","guid":{"rendered":"https:\/\/www.musikverein-neuthard.de\/?p=1264"},"modified":"2021-05-06T22:28:17","modified_gmt":"2021-05-06T20:28:17","slug":"vatertagsfest","status":"publish","type":"post","link":"https:\/\/www.musikverein-neuthard.de\/index.php\/2021\/05\/vatertagsfest\/","title":{"rendered":"Hallo Ihr N\u00e4rrinnen und Narren!"},"content":{"rendered":"<p>Letztes Jahr mussten wir unser Vatertags-Fest aufgrund Corona leider ganz absagen. Dieses Jahr l\u00e4sst die Situation leider auch noch kein gemeinsames Feiern zu. Wir als 11er-Rat haben uns \u00fcberlegt, dass wir euch den Vatertag dieses Jahr trotzdem vers\u00fc\u00dfen wollen. (<a href=\"https:\/\/www.musikverein-neuthard.de\/wp-content\/uploads\/2021\/05\/2021-05_Vatertagsfest2021.pdf\">&gt; Info-Flyer, PDF<\/a>)<\/p>\n<p>Deshalb bringen wir die Veranstaltung zu dir\/euch nach Hause. Nach der kr\u00e4ftezehrenden Kampagne 2021 m\u00f6chte sich der Elfer-Rat f\u00fcr die treue Unterst\u00fctzung bei seinen Gef\u00e4hrt:innen bedanken. Daher bieten wir folgende Pakete f\u00fcr ein unvergessliches Fest an, um in Erinnerungen zu schwelgen und sich auf die kommende Kampagne zu freuen.<\/p>\n<p><strong>\u2023 Hauptsach-Laut-Paket (Bier-Paket)<\/strong><\/p>\n<p><strong>\u2023 Weddelfrauen-Paket (Sekt-Paket) <\/strong><\/p>\n<p><strong>\u2023 Defeles-Bub-Paket (Kinder-Paket)<\/strong><\/p>\n<p>&nbsp;<\/p>\n<h3>Abholung der Pakete:<\/h3>\n<p><strong>Wann<\/strong>: Mittwoch, 12. Mai 2021<\/p>\n<p><strong>Ort<\/strong>: Musikerheim Neuthard<\/p>\n<p>Place of Blasmusik<\/p>\n<p><strong>Zeit<\/strong>: 18.00 bis 20.00 Uhr<\/p>\n<p><strong>Info<\/strong>: Zur besseren Planung bitte eine kurze WhatsApp mit der gew\u00fcnschten Anzahl an Paketen an: 0176\/21880329<\/p>\n<p>Bitte R\u00fcckmeldung <strong>bis 9. Mai 2021<\/strong>.<\/p>\n<p><em>Euer 11er-Rat<\/em><\/p>\n","protected":false},"excerpt":{"rendered":"<p>Letztes Jahr mussten wir unser Vatertags-Fest aufgrund Corona leider ganz absagen. Dieses Jahr l\u00e4sst die Situation leider auch noch kein gemeinsames Feiern zu. Wir als<\/p>\n","protected":false},"author":3,"featured_media":1269,"comment_status":"closed","ping_status":"closed","sticky":false,"template":"","format":"standard","meta":{"footnotes":""},"categories":[2],"tags":[],"class_list":["post-1264","post","type-post","status-publish","format-standard","has-post-thumbnail","hentry","category-aktuelles"],"_links":{"self":[{"href":"https:\/\/www.musikverein-neuthard.de\/index.php\/wp-json\/wp\/v2\/posts\/1264","targetHints":{"allow":["GET"]}}],"collection":[{"href":"https:\/\/www.musikverein-neuthard.de\/index.php\/wp-json\/wp\/v2\/posts"}],"about":[{"href":"https:\/\/www.musikverein-neuthard.de\/index.php\/wp-json\/wp\/v2\/types\/post"}],"author":[{"embeddable":true,"href":"https:\/\/www.musikverein-neuthard.de\/index.php\/wp-json\/wp\/v2\/users\/3"}],"replies":[{"embeddable":true,"href":"https:\/\/www.musikverein-neuthard.de\/index.php\/wp-json\/wp\/v2\/comments?post=1264"}],"version-history":[{"count":5,"href":"https:\/\/www.musikverein-neuthard.de\/index.php\/wp-json\/wp\/v2\/posts\/1264\/revisions"}],"predecessor-version":[{"id":1272,"href":"https:\/\/www.musikverein-neuthard.de\/index.php\/wp-json\/wp\/v2\/posts\/1264\/revisions\/1272"}],"wp:featuredmedia":[{"embeddable":true,"href":"https:\/\/www.musikverein-neuthard.de\/index.php\/wp-json\/wp\/v2\/media\/1269"}],"wp:attachment":[{"href":"https:\/\/www.musikverein-neuthard.de\/index.php\/wp-json\/wp\/v2\/media?parent=1264"}],"wp:term":[{"taxonomy":"category","embeddable":true,"href":"https:\/\/www.musikverein-neuthard.de\/index.php\/wp-json\/wp\/v2\/categories?post=1264"},{"taxonomy":"post_tag","embeddable":true,"href":"https:\/\/www.musikverein-neuthard.de\/index.php\/wp-json\/wp\/v2\/tags?post=1264"}],"curies":[{"name":"wp","href":"https:\/\/api.w.org\/{rel}","templated":true}]}}