{"id":1274,"date":"2021-05-14T22:00:55","date_gmt":"2021-05-14T20:00:55","guid":{"rendered":"https:\/\/www.musikverein-neuthard.de\/?p=1274"},"modified":"2021-05-14T22:05:39","modified_gmt":"2021-05-14T20:05:39","slug":"impressionen-vatertag-2016","status":"publish","type":"post","link":"https:\/\/www.musikverein-neuthard.de\/index.php\/2021\/05\/impressionen-vatertag-2016\/","title":{"rendered":"Impressionen Vatertag 2016"},"content":{"rendered":"<p>Ein kleiner Blick zur\u00fcck auf den Vatertag 2016. Bei strahlendem Sonnenschein feierte die NFD mit allen Freunden und G\u00f6nnern ein rauschendes Fest auf dem Gel\u00e4nde des Musikvereins.<\/p>\n<p><a href=\"https:\/\/www.musikverein-neuthard.de\/wp-content\/uploads\/2021\/05\/2021-05_Vatertag2016-2.jpg\"><img loading=\"lazy\" decoding=\"async\" class=\"alignnone size-large wp-image-1279\" src=\"https:\/\/www.musikverein-neuthard.de\/wp-content\/uploads\/2021\/05\/2021-05_Vatertag2016-2-1024x680.jpg\" alt=\"\" width=\"900\" height=\"598\" srcset=\"https:\/\/www.musikverein-neuthard.de\/wp-content\/uploads\/2021\/05\/2021-05_Vatertag2016-2-1024x680.jpg 1024w, https:\/\/www.musikverein-neuthard.de\/wp-content\/uploads\/2021\/05\/2021-05_Vatertag2016-2-300x199.jpg 300w, https:\/\/www.musikverein-neuthard.de\/wp-content\/uploads\/2021\/05\/2021-05_Vatertag2016-2-768x510.jpg 768w, https:\/\/www.musikverein-neuthard.de\/wp-content\/uploads\/2021\/05\/2021-05_Vatertag2016-2.jpg 1266w\" sizes=\"auto, (max-width: 900px) 100vw, 900px\" \/><\/a><\/p>\n<p>N\u00e4chstes Jahr d\u00fcrfen wir hier bestimmt wieder durchstarten!<\/p>\n","protected":false},"excerpt":{"rendered":"<p>Ein kleiner Blick zur\u00fcck auf den Vatertag 2016. Bei strahlendem Sonnenschein feierte die NFD mit allen Freunden und G\u00f6nnern ein rauschendes Fest auf dem Gel\u00e4nde<\/p>\n","protected":false},"author":3,"featured_media":1278,"comment_status":"closed","ping_status":"closed","sticky":false,"template":"","format":"standard","meta":{"footnotes":""},"categories":[2],"tags":[],"class_list":["post-1274","post","type-post","status-publish","format-standard","has-post-thumbnail","hentry","category-aktuelles"],"_links":{"self":[{"href":"https:\/\/www.musikverein-neuthard.de\/index.php\/wp-json\/wp\/v2\/posts\/1274","targetHints":{"allow":["GET"]}}],"collection":[{"href":"https:\/\/www.musikverein-neuthard.de\/index.php\/wp-json\/wp\/v2\/posts"}],"about":[{"href":"https:\/\/www.musikverein-neuthard.de\/index.php\/wp-json\/wp\/v2\/types\/post"}],"author":[{"embeddable":true,"href":"https:\/\/www.musikverein-neuthard.de\/index.php\/wp-json\/wp\/v2\/users\/3"}],"replies":[{"embeddable":true,"href":"https:\/\/www.musikverein-neuthard.de\/index.php\/wp-json\/wp\/v2\/comments?post=1274"}],"version-history":[{"count":2,"href":"https:\/\/www.musikverein-neuthard.de\/index.php\/wp-json\/wp\/v2\/posts\/1274\/revisions"}],"predecessor-version":[{"id":1280,"href":"https:\/\/www.musikverein-neuthard.de\/index.php\/wp-json\/wp\/v2\/posts\/1274\/revisions\/1280"}],"wp:featuredmedia":[{"embeddable":true,"href":"https:\/\/www.musikverein-neuthard.de\/index.php\/wp-json\/wp\/v2\/media\/1278"}],"wp:attachment":[{"href":"https:\/\/www.musikverein-neuthard.de\/index.php\/wp-json\/wp\/v2\/media?parent=1274"}],"wp:term":[{"taxonomy":"category","embeddable":true,"href":"https:\/\/www.musikverein-neuthard.de\/index.php\/wp-json\/wp\/v2\/categories?post=1274"},{"taxonomy":"post_tag","embeddable":true,"href":"https:\/\/www.musikverein-neuthard.de\/index.php\/wp-json\/wp\/v2\/tags?post=1274"}],"curies":[{"name":"wp","href":"https:\/\/api.w.org\/{rel}","templated":true}]}}