{"id":1281,"date":"2021-05-20T22:09:15","date_gmt":"2021-05-20T20:09:15","guid":{"rendered":"https:\/\/www.musikverein-neuthard.de\/?p=1281"},"modified":"2021-05-14T22:21:58","modified_gmt":"2021-05-14T20:21:58","slug":"es-ist-ein-tolles-gefuehl","status":"publish","type":"post","link":"https:\/\/www.musikverein-neuthard.de\/index.php\/2021\/05\/es-ist-ein-tolles-gefuehl\/","title":{"rendered":"Es ist ein tolles Gef\u00fchl!"},"content":{"rendered":"<h3>Hallo liebe Ehrenmitglieder, Mitglieder, Freunde und G\u00f6nner des Musikvereins!<br \/>\nLiebe B\u00fcrgerinnen und B\u00fcrger!<\/h3>\n<p>Da bin ich wieder, Euer Blasmusiker vor dem Haus der Musik.<\/p>\n<p>Ihr erinnert Euch. Im Sp\u00e4tjahr 2020 hatte ich Euch \u00fcber das ausgefallene Jubil\u00e4umsjahr, 100 Jahre MVN, berichtet. Seit Oktober 2020 k\u00f6nnen die Musikerinnen und Musiker ihrem gemeinsamen Hobby, der Pflege der Blasmusik, nicht mehr gemeinsam nachkommen. Alle Planungen rund um unser Jubil\u00e4umsjahr haben sich durch Corona in Luft aufgel\u00f6st. Ein zweites Jahr ohne nennenswerte Einnahmen durch Veranstaltungen liegt vor uns. Wie berichtet wurden die notwendigen Sanierungsma\u00dfnahmen am Au\u00dfenputz beim Haus der Musik (HdM) auf das Fr\u00fchjahr 2021 verschoben.<\/p>\n<p>Es ist ein tolles Gef\u00fchl, nun beim HdM vor einer frisch sanierten Hausfassade zu stehen. Dank der gr\u00f6\u00dfz\u00fcgigen Unterst\u00fctzung durch die ortsans\u00e4ssige <strong>Firma Orani Baudienstleistungen<\/strong>, erstrahlt die neu verputzte Fassade um den Eingangsbereich in neuem Glanz. Ein herzliches Dankesch\u00f6n an den Gesch\u00e4ftsf\u00fchrer Herrn Bekim Orani f\u00fcr die gro\u00dfz\u00fcgige Unterst\u00fctzung!<\/p>\n<p>Besonders bedanken m\u00f6chte sich unsere 1.Vorsitzende, der gesamte Vorstand und die Verwaltung des Musikvereins bei Euch, liebe Ehrenmitglieder, Mitglieder, Freunde und G\u00f6nner unseres Vereins. Ohne Eure finanzielle Hilfe h\u00e4tte dieses Projekt in Zeiten leerer Kassen nicht bew\u00e4ltigt werden k\u00f6nnen. Bitte unterst\u00fctzt unseren Verein auch weiterhin, damit unser gemeinsames kulturelles Erbe in unserer Gemeinde in dieser besonderen Zeit fortbestehen kann.<\/p>\n<p>Wir freuen uns schon heute, und k\u00f6nnen es kaum erwarten, Euch alle auf unserem Vereinsgel\u00e4nde mal wieder begr\u00fc\u00dfen zu k\u00f6nnen.<\/p>\n<figure id=\"attachment_1287\" aria-describedby=\"caption-attachment-1287\" style=\"width: 860px\" class=\"wp-caption alignnone\"><a href=\"https:\/\/www.musikverein-neuthard.de\/wp-content\/uploads\/2021\/05\/2021-05_HdM2020.jpg\"><img loading=\"lazy\" decoding=\"async\" class=\"wp-image-1287 size-full\" src=\"https:\/\/www.musikverein-neuthard.de\/wp-content\/uploads\/2021\/05\/2021-05_HdM2020.jpg\" alt=\"\" width=\"860\" height=\"586\" srcset=\"https:\/\/www.musikverein-neuthard.de\/wp-content\/uploads\/2021\/05\/2021-05_HdM2020.jpg 860w, https:\/\/www.musikverein-neuthard.de\/wp-content\/uploads\/2021\/05\/2021-05_HdM2020-300x204.jpg 300w, https:\/\/www.musikverein-neuthard.de\/wp-content\/uploads\/2021\/05\/2021-05_HdM2020-768x523.jpg 768w\" sizes=\"auto, (max-width: 860px) 100vw, 860px\" \/><\/a><figcaption id=\"caption-attachment-1287\" class=\"wp-caption-text\">vorher<\/figcaption><\/figure>\n<figure id=\"attachment_1288\" aria-describedby=\"caption-attachment-1288\" style=\"width: 865px\" class=\"wp-caption alignnone\"><a href=\"https:\/\/www.musikverein-neuthard.de\/wp-content\/uploads\/2021\/05\/2021-05_HdM2021.jpg\"><img loading=\"lazy\" decoding=\"async\" class=\"size-full wp-image-1288\" src=\"https:\/\/www.musikverein-neuthard.de\/wp-content\/uploads\/2021\/05\/2021-05_HdM2021.jpg\" alt=\"\" width=\"865\" height=\"568\" srcset=\"https:\/\/www.musikverein-neuthard.de\/wp-content\/uploads\/2021\/05\/2021-05_HdM2021.jpg 865w, https:\/\/www.musikverein-neuthard.de\/wp-content\/uploads\/2021\/05\/2021-05_HdM2021-300x197.jpg 300w, https:\/\/www.musikverein-neuthard.de\/wp-content\/uploads\/2021\/05\/2021-05_HdM2021-768x504.jpg 768w\" sizes=\"auto, (max-width: 865px) 100vw, 865px\" \/><\/a><figcaption id=\"caption-attachment-1288\" class=\"wp-caption-text\">nachher<\/figcaption><\/figure>\n","protected":false},"excerpt":{"rendered":"<p>Hallo liebe Ehrenmitglieder, Mitglieder, Freunde und G\u00f6nner des Musikvereins! Liebe B\u00fcrgerinnen und B\u00fcrger! Da bin ich wieder, Euer Blasmusiker vor dem Haus der Musik. Ihr<\/p>\n","protected":false},"author":3,"featured_media":1288,"comment_status":"closed","ping_status":"closed","sticky":false,"template":"","format":"standard","meta":{"footnotes":""},"categories":[2],"tags":[],"class_list":["post-1281","post","type-post","status-publish","format-standard","has-post-thumbnail","hentry","category-aktuelles"],"_links":{"self":[{"href":"https:\/\/www.musikverein-neuthard.de\/index.php\/wp-json\/wp\/v2\/posts\/1281","targetHints":{"allow":["GET"]}}],"collection":[{"href":"https:\/\/www.musikverein-neuthard.de\/index.php\/wp-json\/wp\/v2\/posts"}],"about":[{"href":"https:\/\/www.musikverein-neuthard.de\/index.php\/wp-json\/wp\/v2\/types\/post"}],"author":[{"embeddable":true,"href":"https:\/\/www.musikverein-neuthard.de\/index.php\/wp-json\/wp\/v2\/users\/3"}],"replies":[{"embeddable":true,"href":"https:\/\/www.musikverein-neuthard.de\/index.php\/wp-json\/wp\/v2\/comments?post=1281"}],"version-history":[{"count":6,"href":"https:\/\/www.musikverein-neuthard.de\/index.php\/wp-json\/wp\/v2\/posts\/1281\/revisions"}],"predecessor-version":[{"id":1289,"href":"https:\/\/www.musikverein-neuthard.de\/index.php\/wp-json\/wp\/v2\/posts\/1281\/revisions\/1289"}],"wp:featuredmedia":[{"embeddable":true,"href":"https:\/\/www.musikverein-neuthard.de\/index.php\/wp-json\/wp\/v2\/media\/1288"}],"wp:attachment":[{"href":"https:\/\/www.musikverein-neuthard.de\/index.php\/wp-json\/wp\/v2\/media?parent=1281"}],"wp:term":[{"taxonomy":"category","embeddable":true,"href":"https:\/\/www.musikverein-neuthard.de\/index.php\/wp-json\/wp\/v2\/categories?post=1281"},{"taxonomy":"post_tag","embeddable":true,"href":"https:\/\/www.musikverein-neuthard.de\/index.php\/wp-json\/wp\/v2\/tags?post=1281"}],"curies":[{"name":"wp","href":"https:\/\/api.w.org\/{rel}","templated":true}]}}