{"id":1291,"date":"2021-06-05T10:08:57","date_gmt":"2021-06-05T08:08:57","guid":{"rendered":"https:\/\/www.musikverein-neuthard.de\/?p=1291"},"modified":"2021-09-23T21:41:15","modified_gmt":"2021-09-23T19:41:15","slug":"1291","status":"publish","type":"post","link":"https:\/\/www.musikverein-neuthard.de\/index.php\/2021\/06\/1291\/","title":{"rendered":"Neue Ausbildungskurse ab September"},"content":{"rendered":"<h4>Neue Fl\u00f6tenkurse ab September 2021<\/h4>\n<p>Ihr seid 6 Jahre und m\u00f6chtet gerne ein Instrument lernen? Dann ist Unterricht mit der Fl\u00f6te genau der richtige Start daf\u00fcr.<br \/>\nAb September beginnen die neuen Kurse!<br \/>\nHier wird bereits Erlerntes (z.B. in der musikalischen Fr\u00fcherziehung) erweitert und auf dem vorhandenen Wissen aufgebaut. Rhythmik, Geh\u00f6rbildung, musikalische Kenntnisse, sowie das gemeinsame Musizieren werden hier mit Hilfe der Fl\u00f6te spielerisch erlernt.<br \/>\nSelbstverst\u00e4ndlich sind auch Kinder ohne musikalische Vorkenntnisse herzlich willkommen.<\/p>\n<h4>Musikalische Fr\u00fcherziehung, neue Kurse ab September 2021<\/h4>\n<p>Mit Spa\u00df und Spiel der Musik n\u00e4her kommen!<br \/>\nSpielerisch gelangen Kinder am besten zur Entfaltung ihrer musikalischen und sozialen F\u00e4higkeiten, zur Ausbildung des H\u00f6rens, des Sehens und der rhythmischen Bewegung, zum Erleben von Form und Farbe, Sprache und Klang.<br \/>\nWir bieten jedes Jahr ab September eine zweij\u00e4hrige musikalische Fr\u00fcherziehung f\u00fcr Kinder ab 4 Jahren.<\/p>\n<p>Anmeldung f\u00fcr beide Kurse bei Judith Duhn unter <a href=\"mailto:ausbildung@musikverein-neuthard.de\">ausbildung@musikverein-neuthard.de<\/a> oder Telefon 0173 3414 088<br \/>\n<strong>Anmeldeschlu\u00df ist der 20. Juli 2021<\/strong><\/p>\n","protected":false},"excerpt":{"rendered":"<p>Neue Fl\u00f6tenkurse ab September 2021 Ihr seid 6 Jahre und m\u00f6chtet gerne ein Instrument lernen? Dann ist Unterricht mit der Fl\u00f6te genau der richtige Start<\/p>\n","protected":false},"author":3,"featured_media":0,"comment_status":"closed","ping_status":"closed","sticky":false,"template":"","format":"standard","meta":{"footnotes":""},"categories":[2],"tags":[],"class_list":["post-1291","post","type-post","status-publish","format-standard","hentry","category-aktuelles"],"_links":{"self":[{"href":"https:\/\/www.musikverein-neuthard.de\/index.php\/wp-json\/wp\/v2\/posts\/1291","targetHints":{"allow":["GET"]}}],"collection":[{"href":"https:\/\/www.musikverein-neuthard.de\/index.php\/wp-json\/wp\/v2\/posts"}],"about":[{"href":"https:\/\/www.musikverein-neuthard.de\/index.php\/wp-json\/wp\/v2\/types\/post"}],"author":[{"embeddable":true,"href":"https:\/\/www.musikverein-neuthard.de\/index.php\/wp-json\/wp\/v2\/users\/3"}],"replies":[{"embeddable":true,"href":"https:\/\/www.musikverein-neuthard.de\/index.php\/wp-json\/wp\/v2\/comments?post=1291"}],"version-history":[{"count":4,"href":"https:\/\/www.musikverein-neuthard.de\/index.php\/wp-json\/wp\/v2\/posts\/1291\/revisions"}],"predecessor-version":[{"id":1295,"href":"https:\/\/www.musikverein-neuthard.de\/index.php\/wp-json\/wp\/v2\/posts\/1291\/revisions\/1295"}],"wp:attachment":[{"href":"https:\/\/www.musikverein-neuthard.de\/index.php\/wp-json\/wp\/v2\/media?parent=1291"}],"wp:term":[{"taxonomy":"category","embeddable":true,"href":"https:\/\/www.musikverein-neuthard.de\/index.php\/wp-json\/wp\/v2\/categories?post=1291"},{"taxonomy":"post_tag","embeddable":true,"href":"https:\/\/www.musikverein-neuthard.de\/index.php\/wp-json\/wp\/v2\/tags?post=1291"}],"curies":[{"name":"wp","href":"https:\/\/api.w.org\/{rel}","templated":true}]}}