{"id":1296,"date":"2021-06-05T10:14:04","date_gmt":"2021-06-05T08:14:04","guid":{"rendered":"https:\/\/www.musikverein-neuthard.de\/?p=1296"},"modified":"2021-06-05T10:14:04","modified_gmt":"2021-06-05T08:14:04","slug":"bald-wieder-musikprobe","status":"publish","type":"post","link":"https:\/\/www.musikverein-neuthard.de\/index.php\/2021\/06\/bald-wieder-musikprobe\/","title":{"rendered":"Bald wieder Musikprobe"},"content":{"rendered":"<p>Erfreuliches ereignet sich an der musikalischen Front!<\/p>\n<p>Aufgrund sinkender Ansteckungen r\u00fccken unsere Musikproben in greifbare N\u00e4he. Wir k\u00f6nnen nun wieder unter Einhaltung aller Hygienevorschriften im Freien Musikproben abhalten. Geplanter Start ist hier der<strong> 2. Juli 2021<\/strong>, n\u00e4here Informationen dazu werden per E-Mail verteilt. Bis zu diesem Termin ist immer freitags ein lockeres, kameradschaftliches Beisammensein von 19 Uhr bis 21 Uhr geplant. Dieses findet im Freien am Haus der Musik, ebenfalls unter Einhaltung der geltenden Bestimmungen statt. Also kommt mit AHA und 3 G (geimpft, getestet oder genesen). Wir freuen uns auf unser erstes Treffen!<\/p>\n","protected":false},"excerpt":{"rendered":"<p>Erfreuliches ereignet sich an der musikalischen Front! Aufgrund sinkender Ansteckungen r\u00fccken unsere Musikproben in greifbare N\u00e4he. Wir k\u00f6nnen nun wieder unter Einhaltung aller Hygienevorschriften im<\/p>\n","protected":false},"author":3,"featured_media":0,"comment_status":"closed","ping_status":"closed","sticky":false,"template":"","format":"standard","meta":{"footnotes":""},"categories":[2],"tags":[],"class_list":["post-1296","post","type-post","status-publish","format-standard","hentry","category-aktuelles"],"_links":{"self":[{"href":"https:\/\/www.musikverein-neuthard.de\/index.php\/wp-json\/wp\/v2\/posts\/1296","targetHints":{"allow":["GET"]}}],"collection":[{"href":"https:\/\/www.musikverein-neuthard.de\/index.php\/wp-json\/wp\/v2\/posts"}],"about":[{"href":"https:\/\/www.musikverein-neuthard.de\/index.php\/wp-json\/wp\/v2\/types\/post"}],"author":[{"embeddable":true,"href":"https:\/\/www.musikverein-neuthard.de\/index.php\/wp-json\/wp\/v2\/users\/3"}],"replies":[{"embeddable":true,"href":"https:\/\/www.musikverein-neuthard.de\/index.php\/wp-json\/wp\/v2\/comments?post=1296"}],"version-history":[{"count":1,"href":"https:\/\/www.musikverein-neuthard.de\/index.php\/wp-json\/wp\/v2\/posts\/1296\/revisions"}],"predecessor-version":[{"id":1297,"href":"https:\/\/www.musikverein-neuthard.de\/index.php\/wp-json\/wp\/v2\/posts\/1296\/revisions\/1297"}],"wp:attachment":[{"href":"https:\/\/www.musikverein-neuthard.de\/index.php\/wp-json\/wp\/v2\/media?parent=1296"}],"wp:term":[{"taxonomy":"category","embeddable":true,"href":"https:\/\/www.musikverein-neuthard.de\/index.php\/wp-json\/wp\/v2\/categories?post=1296"},{"taxonomy":"post_tag","embeddable":true,"href":"https:\/\/www.musikverein-neuthard.de\/index.php\/wp-json\/wp\/v2\/tags?post=1296"}],"curies":[{"name":"wp","href":"https:\/\/api.w.org\/{rel}","templated":true}]}}