{"id":1449,"date":"2021-10-10T23:20:27","date_gmt":"2021-10-10T21:20:27","guid":{"rendered":"https:\/\/www.musikverein-neuthard.de\/?p=1449"},"modified":"2021-10-29T11:56:00","modified_gmt":"2021-10-29T09:56:00","slug":"auf-gehts-der-mvn-startet-durch","status":"publish","type":"post","link":"https:\/\/www.musikverein-neuthard.de\/index.php\/2021\/10\/auf-gehts-der-mvn-startet-durch\/","title":{"rendered":"Auf gehts &#8211; Der MVN startet durch"},"content":{"rendered":"<p>Mit einem \u201eAuf gehts\u201c startet der Musikverein Neuthard wieder durch. Bei der Generalversammlung vergangenen Freitag wurden viele positive Neuigkeiten verk\u00fcndet.<\/p>\n<p>Der BVK hat die Neuigkeit mitgeteilt, dass unter Einhaltung der 3G-Regel keine Abst\u00e4nde mehr eingehalten werden m\u00fcssen. Wir k\u00f6nnen und werden also wieder im Haus der Musik proben. Die Impfquote unter den Musikern ist sehr, sehr hoch. Die 3G-Regel wird ausnahmslos eingehalten.<\/p>\n<p>Unser n\u00e4chstes gro\u00dfes Ziel ist das Fr\u00fchjahrskonzert 2022. Vielleicht k\u00f6nnen wir auch in Richtung Weihnachten wieder mit einer kleinen Veranstaltung oder einem Gedenkgottesdienst planen.<\/p>\n<p>Lasst es uns gemeinsam anpacken! Unser Dirigent Michael hilft uns, den Einstieg nach dieser langen Pause zu finden. Wir freuen uns, alle Musikerinnen und Musiker wieder in der Probe begr\u00fc\u00dfen zu d\u00fcrfen.<\/p>\n","protected":false},"excerpt":{"rendered":"<p>Mit einem \u201eAuf gehts\u201c startet der Musikverein Neuthard wieder durch. Bei der Generalversammlung vergangenen Freitag wurden viele positive Neuigkeiten verk\u00fcndet. Der BVK hat die Neuigkeit<\/p>\n","protected":false},"author":3,"featured_media":0,"comment_status":"closed","ping_status":"closed","sticky":false,"template":"","format":"standard","meta":{"footnotes":""},"categories":[2],"tags":[],"class_list":["post-1449","post","type-post","status-publish","format-standard","hentry","category-aktuelles"],"_links":{"self":[{"href":"https:\/\/www.musikverein-neuthard.de\/index.php\/wp-json\/wp\/v2\/posts\/1449","targetHints":{"allow":["GET"]}}],"collection":[{"href":"https:\/\/www.musikverein-neuthard.de\/index.php\/wp-json\/wp\/v2\/posts"}],"about":[{"href":"https:\/\/www.musikverein-neuthard.de\/index.php\/wp-json\/wp\/v2\/types\/post"}],"author":[{"embeddable":true,"href":"https:\/\/www.musikverein-neuthard.de\/index.php\/wp-json\/wp\/v2\/users\/3"}],"replies":[{"embeddable":true,"href":"https:\/\/www.musikverein-neuthard.de\/index.php\/wp-json\/wp\/v2\/comments?post=1449"}],"version-history":[{"count":1,"href":"https:\/\/www.musikverein-neuthard.de\/index.php\/wp-json\/wp\/v2\/posts\/1449\/revisions"}],"predecessor-version":[{"id":1450,"href":"https:\/\/www.musikverein-neuthard.de\/index.php\/wp-json\/wp\/v2\/posts\/1449\/revisions\/1450"}],"wp:attachment":[{"href":"https:\/\/www.musikverein-neuthard.de\/index.php\/wp-json\/wp\/v2\/media?parent=1449"}],"wp:term":[{"taxonomy":"category","embeddable":true,"href":"https:\/\/www.musikverein-neuthard.de\/index.php\/wp-json\/wp\/v2\/categories?post=1449"},{"taxonomy":"post_tag","embeddable":true,"href":"https:\/\/www.musikverein-neuthard.de\/index.php\/wp-json\/wp\/v2\/tags?post=1449"}],"curies":[{"name":"wp","href":"https:\/\/api.w.org\/{rel}","templated":true}]}}