{"id":1471,"date":"2021-10-23T22:19:42","date_gmt":"2021-10-23T20:19:42","guid":{"rendered":"https:\/\/www.musikverein-neuthard.de\/?p=1471"},"modified":"2021-10-23T22:19:42","modified_gmt":"2021-10-23T20:19:42","slug":"protokoll-zur-generalversammlung-2021","status":"publish","type":"post","link":"https:\/\/www.musikverein-neuthard.de\/index.php\/2021\/10\/protokoll-zur-generalversammlung-2021\/","title":{"rendered":"Protokoll zur Generalversammlung 2021"},"content":{"rendered":"<p>Am Freitag, 01.10.2021 fand im HdM die GV des MVN 1920 e.V. statt. Die Versammlung wurde satzungsgem\u00e4\u00df einberufen.<\/p>\n<p>Die 1. Vorsitzende Elke Kratschmann begr\u00fc\u00dfte die Mitglieder und Ehrenmitglieder. Zum Gedenken an die verstorbenen Mitglieder wurde eine Schweigeminute abgehalten.<\/p>\n<p>Anschlie\u00dfend berichtete Elke chronologisch detailgenau \u00fcber die Feste, Veranstaltungen und die Spuren der Coronapandemie im Vereinsleben seit Fr\u00fchjahr 2019.<\/p>\n<p>Anschlie\u00dfend erfolgten die Berichte des Schriftf\u00fchrers, des Kassiers, des Musikervorstandes, des Mitgliederwesens, des Dirigenten, der Jugendleitung, der NFD und der Kassenpr\u00fcfer.<\/p>\n<p>Es wurde eine Ehrenmusikerin Daniela Baumg\u00e4rtner (anwesend) und 9 Ehrenmitglieder durch Beschluss der Verwaltung ernannt. Anwesend davon war Annerose Bohn.<\/p>\n<p>Als Wahlleiter Richard Sch\u00e4fer stellte er den Antrag auf Entlastung der gesamten Verwaltung und des Kassiers. Es waren 52 stimmberechtigte Mitglieder anwesend. Es wurde der Antrag gestellt, dass nicht geheim, sondern per Handzeichen gew\u00e4hlt wird. Diesem Antrag wurde von der Versammlung einstimmig zugestimmt.<\/p>\n<p>Die gesamte vorgeschlagene Verwaltung wurde von den anwesenden 52 Mitgliedern jeweils einstimmig gew\u00e4hlt. Die gew\u00e4hlten Verwaltungsratsmitglieder wurden einzeln abgefragt, ob Sie die Wahl annehmen. Jeweils mit einem \u201eJA\u201c nahmen alle die Wahl an.<\/p>\n<p>Wir freuen uns als neue Mitglieder Kathi Ell, Martin Bellm, Tobias Baumg\u00e4rtner und Marcel Kratschmann begr\u00fc\u00dfen zu d\u00fcrfen. Ann-Kathrin Krieger wurde im September als Jugendleitung gew\u00e4hlt und ist damit Mitglied der Verwaltung.<\/p>\n<p>Wir bedanken uns bei allen ausgeschiedenen Mitgliedern sehr herzlich. Dies sind Sarah Heidorn, Edgar Kistner und Tobias Herrmann.<\/p>\n","protected":false},"excerpt":{"rendered":"<p>Am Freitag, 01.10.2021 fand im HdM die GV des MVN 1920 e.V. statt. Die Versammlung wurde satzungsgem\u00e4\u00df einberufen. Die 1. Vorsitzende Elke Kratschmann begr\u00fc\u00dfte die<\/p>\n","protected":false},"author":3,"featured_media":0,"comment_status":"closed","ping_status":"closed","sticky":false,"template":"","format":"standard","meta":{"footnotes":""},"categories":[2],"tags":[],"class_list":["post-1471","post","type-post","status-publish","format-standard","hentry","category-aktuelles"],"_links":{"self":[{"href":"https:\/\/www.musikverein-neuthard.de\/index.php\/wp-json\/wp\/v2\/posts\/1471","targetHints":{"allow":["GET"]}}],"collection":[{"href":"https:\/\/www.musikverein-neuthard.de\/index.php\/wp-json\/wp\/v2\/posts"}],"about":[{"href":"https:\/\/www.musikverein-neuthard.de\/index.php\/wp-json\/wp\/v2\/types\/post"}],"author":[{"embeddable":true,"href":"https:\/\/www.musikverein-neuthard.de\/index.php\/wp-json\/wp\/v2\/users\/3"}],"replies":[{"embeddable":true,"href":"https:\/\/www.musikverein-neuthard.de\/index.php\/wp-json\/wp\/v2\/comments?post=1471"}],"version-history":[{"count":1,"href":"https:\/\/www.musikverein-neuthard.de\/index.php\/wp-json\/wp\/v2\/posts\/1471\/revisions"}],"predecessor-version":[{"id":1472,"href":"https:\/\/www.musikverein-neuthard.de\/index.php\/wp-json\/wp\/v2\/posts\/1471\/revisions\/1472"}],"wp:attachment":[{"href":"https:\/\/www.musikverein-neuthard.de\/index.php\/wp-json\/wp\/v2\/media?parent=1471"}],"wp:term":[{"taxonomy":"category","embeddable":true,"href":"https:\/\/www.musikverein-neuthard.de\/index.php\/wp-json\/wp\/v2\/categories?post=1471"},{"taxonomy":"post_tag","embeddable":true,"href":"https:\/\/www.musikverein-neuthard.de\/index.php\/wp-json\/wp\/v2\/tags?post=1471"}],"curies":[{"name":"wp","href":"https:\/\/api.w.org\/{rel}","templated":true}]}}