{"id":1478,"date":"2021-11-25T11:56:06","date_gmt":"2021-11-25T10:56:06","guid":{"rendered":"https:\/\/www.musikverein-neuthard.de\/?p=1478"},"modified":"2021-12-07T16:47:33","modified_gmt":"2021-12-07T15:47:33","slug":"gedenkfeier-fuer-unsere-verstorbenen","status":"publish","type":"post","link":"https:\/\/www.musikverein-neuthard.de\/index.php\/2021\/11\/gedenkfeier-fuer-unsere-verstorbenen\/","title":{"rendered":"Gedenkfeier f\u00fcr unsere Verstorbenen"},"content":{"rendered":"<p>Vergangenen Sonntag fand die Gedenkfeier zu Ehren der verstorbenen Mitglieder 2020 und 2021 statt. Gemeinsam mit den Angeh\u00f6rigen der Verstorbenen, Mitgliedern und Freunden des Musikvereins versammelten wir uns um 14 Uhr zu einem kurzen Innehalten auf dem Friedhof.<\/p>\n<p>Das 1. Orchester unter der Leitung von Michael umrahmte musikalisch die and\u00e4chtigen Worte zu Ehren unserer Verstorbenen von Elke.<\/p>\n<p>Im Andenken an unserer verstorbenen aktiven Musiker spielten wir das St\u00fcck \u201eIch hatt\u2018 einen Kameraden\u201c. Hierbei wurden viele alte Erinnerungen wach, da wir dieses Musikst\u00fcck unz\u00e4hlige Male gemeinsam auf so mancher Beerdigung intoniert hatten.<\/p>\n<p>Wir w\u00fcrden uns freuen Sie am 24. Dezember 2021 zum weihnachtlichen Musizieren auf dem Friedhof begr\u00fc\u00dfen zu d\u00fcrfen.<\/p>\n","protected":false},"excerpt":{"rendered":"<p>Vergangenen Sonntag fand die Gedenkfeier zu Ehren der verstorbenen Mitglieder 2020 und 2021 statt. Gemeinsam mit den Angeh\u00f6rigen der Verstorbenen, Mitgliedern und Freunden des Musikvereins<\/p>\n","protected":false},"author":3,"featured_media":1524,"comment_status":"closed","ping_status":"closed","sticky":false,"template":"","format":"standard","meta":{"footnotes":""},"categories":[2],"tags":[],"class_list":["post-1478","post","type-post","status-publish","format-standard","has-post-thumbnail","hentry","category-aktuelles"],"_links":{"self":[{"href":"https:\/\/www.musikverein-neuthard.de\/index.php\/wp-json\/wp\/v2\/posts\/1478","targetHints":{"allow":["GET"]}}],"collection":[{"href":"https:\/\/www.musikverein-neuthard.de\/index.php\/wp-json\/wp\/v2\/posts"}],"about":[{"href":"https:\/\/www.musikverein-neuthard.de\/index.php\/wp-json\/wp\/v2\/types\/post"}],"author":[{"embeddable":true,"href":"https:\/\/www.musikverein-neuthard.de\/index.php\/wp-json\/wp\/v2\/users\/3"}],"replies":[{"embeddable":true,"href":"https:\/\/www.musikverein-neuthard.de\/index.php\/wp-json\/wp\/v2\/comments?post=1478"}],"version-history":[{"count":3,"href":"https:\/\/www.musikverein-neuthard.de\/index.php\/wp-json\/wp\/v2\/posts\/1478\/revisions"}],"predecessor-version":[{"id":1523,"href":"https:\/\/www.musikverein-neuthard.de\/index.php\/wp-json\/wp\/v2\/posts\/1478\/revisions\/1523"}],"wp:featuredmedia":[{"embeddable":true,"href":"https:\/\/www.musikverein-neuthard.de\/index.php\/wp-json\/wp\/v2\/media\/1524"}],"wp:attachment":[{"href":"https:\/\/www.musikverein-neuthard.de\/index.php\/wp-json\/wp\/v2\/media?parent=1478"}],"wp:term":[{"taxonomy":"category","embeddable":true,"href":"https:\/\/www.musikverein-neuthard.de\/index.php\/wp-json\/wp\/v2\/categories?post=1478"},{"taxonomy":"post_tag","embeddable":true,"href":"https:\/\/www.musikverein-neuthard.de\/index.php\/wp-json\/wp\/v2\/tags?post=1478"}],"curies":[{"name":"wp","href":"https:\/\/api.w.org\/{rel}","templated":true}]}}