{"id":1706,"date":"2022-04-15T14:13:34","date_gmt":"2022-04-15T12:13:34","guid":{"rendered":"https:\/\/www.musikverein-neuthard.de\/?p=1706"},"modified":"2022-04-22T16:47:58","modified_gmt":"2022-04-22T14:47:58","slug":"blaeserjugend-auf-weltreise","status":"publish","type":"post","link":"https:\/\/www.musikverein-neuthard.de\/index.php\/2022\/04\/blaeserjugend-auf-weltreise\/","title":{"rendered":"Bl\u00e4serjugend auf Weltreise"},"content":{"rendered":"<p><a href=\"https:\/\/www.musikverein-neuthard.de\/wp-content\/uploads\/2022\/04\/2022-04_Konzert3.jpg\"><img loading=\"lazy\" decoding=\"async\" class=\"alignnone size-large wp-image-1713\" src=\"https:\/\/www.musikverein-neuthard.de\/wp-content\/uploads\/2022\/04\/2022-04_Konzert3-1024x683.jpg\" alt=\"\" width=\"900\" height=\"600\" srcset=\"https:\/\/www.musikverein-neuthard.de\/wp-content\/uploads\/2022\/04\/2022-04_Konzert3-1024x683.jpg 1024w, https:\/\/www.musikverein-neuthard.de\/wp-content\/uploads\/2022\/04\/2022-04_Konzert3-300x200.jpg 300w, https:\/\/www.musikverein-neuthard.de\/wp-content\/uploads\/2022\/04\/2022-04_Konzert3-768x512.jpg 768w, https:\/\/www.musikverein-neuthard.de\/wp-content\/uploads\/2022\/04\/2022-04_Konzert3-1536x1024.jpg 1536w, https:\/\/www.musikverein-neuthard.de\/wp-content\/uploads\/2022\/04\/2022-04_Konzert3.jpg 2048w\" sizes=\"auto, (max-width: 900px) 100vw, 900px\" \/><\/a><\/p>\n<p>F\u00fcr das Fr\u00fchjahrskonzert hat sich die gesamte Bl\u00e4serjugend bestehend aus Jugendkapelle und Cool Music Kids zu einem Orchester unter Leitung von Markus Heneka und Svenja Baumg\u00e4rtner zusammengeschlossen. Nach der langen Corona-Pause ist es den beiden Dirigenten gelungen, die Kinder und Jugendlichen in nur vier Wochen zu einem Klangk\u00f6rper von erstaunlicher Qualit\u00e4t zu vereinigen.<\/p>\n<p>Das Nachwuchsorchester hat den zweiten Teil des Konzerts \u00fcbernommen und das Thema der musikalischen Weltreise weitergef\u00fchrt. Svenja und Markus haben sich zusammen mit der Bl\u00e4serjugend auf die Suche nach dem 1. Orchester gemacht, das nach einem Landgang in Afrika pl\u00f6tzlich verschwunden war.<\/p>\n<p>Zuerst reiste das Orchester musikalisch im Schunkeltritt auf Kamelen mit einer Handelskarawane quer \u00fcber den afrikanischen Kontinent bis nach Kairo. Eindrucksvoll waren die Weite der Sandw\u00fcste und der Anblick der m\u00e4chtigen Pyramiden.<\/p>\n<p><a href=\"https:\/\/www.musikverein-neuthard.de\/wp-content\/uploads\/2022\/04\/2022-04_Konzert4.jpg\"><img loading=\"lazy\" decoding=\"async\" class=\"alignnone wp-image-1725 size-large\" src=\"https:\/\/www.musikverein-neuthard.de\/wp-content\/uploads\/2022\/04\/2022-04_Konzert4-1024x683.jpg\" alt=\"\" width=\"900\" height=\"600\" srcset=\"https:\/\/www.musikverein-neuthard.de\/wp-content\/uploads\/2022\/04\/2022-04_Konzert4-1024x683.jpg 1024w, https:\/\/www.musikverein-neuthard.de\/wp-content\/uploads\/2022\/04\/2022-04_Konzert4-300x200.jpg 300w, https:\/\/www.musikverein-neuthard.de\/wp-content\/uploads\/2022\/04\/2022-04_Konzert4-768x512.jpg 768w, https:\/\/www.musikverein-neuthard.de\/wp-content\/uploads\/2022\/04\/2022-04_Konzert4-1536x1024.jpg 1536w, https:\/\/www.musikverein-neuthard.de\/wp-content\/uploads\/2022\/04\/2022-04_Konzert4.jpg 1780w\" sizes=\"auto, (max-width: 900px) 100vw, 900px\" \/><\/a><\/p>\n<p>Von dort ging es begleitet von dem St\u00fcck \u201eArabian Dream&#8220; weiter nach Arabien, in das Land von Tausend und einer Nacht, vorbei an pr\u00e4chtigen Pal\u00e4sten und \u00fcber die Basare der Suks. Leider konnten Markus und Svenja das verlorene Orchester dort auch nicht entdecken. So entschloss sich die Truppe per Schiff zur\u00fcck nach Afrika zu reisen. Ein Walf\u00e4nger nahm die gesamte Bl\u00e4serjugend an Bord und sogleich wurde der lustige Shanty \u201eWellerman&#8220; angestimmt. Die vier Matrosen des Schoners sangen kr\u00e4ftig mit, was beim Publikum rhythmisches Klatschen und gro\u00dfe Begeisterung ausl\u00f6ste.<\/p>\n<p>Wieder in Afrika angekommen, feierte die Bl\u00e4serjugend ihr Wiedersehen mit dem 1. Orchester, das die ganze Zeit gewartet hatte. Dazu erklang die Hymne \u201eSiyahamba&#8220;, die als afrikanisches Festival in einem symphonischen Werk verarbeitet wurde. Nachdem der letzte Ton des Fests verklungen war, hat das Publikum die Bl\u00e4serjugend mit einem st\u00fcrmischen Applaus belohnt. Freude und Stolz waren den Jugendlichen deutlich anzusehen.<\/p>\n","protected":false},"excerpt":{"rendered":"<p>F\u00fcr das Fr\u00fchjahrskonzert hat sich die gesamte Bl\u00e4serjugend bestehend aus Jugendkapelle und Cool Music Kids zu einem Orchester unter Leitung von Markus Heneka und Svenja<\/p>\n","protected":false},"author":3,"featured_media":1713,"comment_status":"closed","ping_status":"closed","sticky":false,"template":"","format":"standard","meta":{"footnotes":""},"categories":[2],"tags":[],"class_list":["post-1706","post","type-post","status-publish","format-standard","has-post-thumbnail","hentry","category-aktuelles"],"_links":{"self":[{"href":"https:\/\/www.musikverein-neuthard.de\/index.php\/wp-json\/wp\/v2\/posts\/1706","targetHints":{"allow":["GET"]}}],"collection":[{"href":"https:\/\/www.musikverein-neuthard.de\/index.php\/wp-json\/wp\/v2\/posts"}],"about":[{"href":"https:\/\/www.musikverein-neuthard.de\/index.php\/wp-json\/wp\/v2\/types\/post"}],"author":[{"embeddable":true,"href":"https:\/\/www.musikverein-neuthard.de\/index.php\/wp-json\/wp\/v2\/users\/3"}],"replies":[{"embeddable":true,"href":"https:\/\/www.musikverein-neuthard.de\/index.php\/wp-json\/wp\/v2\/comments?post=1706"}],"version-history":[{"count":5,"href":"https:\/\/www.musikverein-neuthard.de\/index.php\/wp-json\/wp\/v2\/posts\/1706\/revisions"}],"predecessor-version":[{"id":1728,"href":"https:\/\/www.musikverein-neuthard.de\/index.php\/wp-json\/wp\/v2\/posts\/1706\/revisions\/1728"}],"wp:featuredmedia":[{"embeddable":true,"href":"https:\/\/www.musikverein-neuthard.de\/index.php\/wp-json\/wp\/v2\/media\/1713"}],"wp:attachment":[{"href":"https:\/\/www.musikverein-neuthard.de\/index.php\/wp-json\/wp\/v2\/media?parent=1706"}],"wp:term":[{"taxonomy":"category","embeddable":true,"href":"https:\/\/www.musikverein-neuthard.de\/index.php\/wp-json\/wp\/v2\/categories?post=1706"},{"taxonomy":"post_tag","embeddable":true,"href":"https:\/\/www.musikverein-neuthard.de\/index.php\/wp-json\/wp\/v2\/tags?post=1706"}],"curies":[{"name":"wp","href":"https:\/\/api.w.org\/{rel}","templated":true}]}}