{"id":1772,"date":"2022-05-24T22:10:42","date_gmt":"2022-05-24T20:10:42","guid":{"rendered":"https:\/\/www.musikverein-neuthard.de\/?p=1772"},"modified":"2022-05-24T22:10:42","modified_gmt":"2022-05-24T20:10:42","slug":"wie-in-frueheren-zeiten","status":"publish","type":"post","link":"https:\/\/www.musikverein-neuthard.de\/index.php\/2022\/05\/wie-in-frueheren-zeiten\/","title":{"rendered":"Wie in fr\u00fcheren Zeiten \u2026"},"content":{"rendered":"<p><a href=\"https:\/\/www.musikverein-neuthard.de\/wp-content\/uploads\/2022\/05\/2022-05_Pfarrfest2.jpg\"><img loading=\"lazy\" decoding=\"async\" class=\"alignnone size-large wp-image-1784\" src=\"https:\/\/www.musikverein-neuthard.de\/wp-content\/uploads\/2022\/05\/2022-05_Pfarrfest2-1024x576.jpg\" alt=\"\" width=\"900\" height=\"506\" srcset=\"https:\/\/www.musikverein-neuthard.de\/wp-content\/uploads\/2022\/05\/2022-05_Pfarrfest2-1024x576.jpg 1024w, https:\/\/www.musikverein-neuthard.de\/wp-content\/uploads\/2022\/05\/2022-05_Pfarrfest2-300x169.jpg 300w, https:\/\/www.musikverein-neuthard.de\/wp-content\/uploads\/2022\/05\/2022-05_Pfarrfest2-768x432.jpg 768w, https:\/\/www.musikverein-neuthard.de\/wp-content\/uploads\/2022\/05\/2022-05_Pfarrfest2.jpg 1382w\" sizes=\"auto, (max-width: 900px) 100vw, 900px\" \/><\/a>Dieser Spruch ging vergangenen Sonntag dem ein oder anderen Musiker \u00fcber die Lippen. Er\u00f6ffneten wir doch nach dem Gottesdienst im Hambr\u00fccken das Musikfest um 11:30 Uhr mit einem bunten Reigen aus traditioneller Blasmusik, Schlagern und modernen Liedern. Schmuck anzuschauen waren wir in Dirndl und Lederhosen zum Maibockfest angereist.<\/p>\n<p>Nach einem sp\u00e4ten Mittagessen und einer kurzen Verschnaufpause ging es weiter auf das Pfarrfest in Neuthard. Dieses Mal nahmen wir in Jeans und unserem Vereinspoloshirt im Pfarrgarten Platz und unterhielten das dortige Publikum bei angenehmen Temperaturen die n\u00e4chsten 1.5 Stunden. Ziemlich m\u00fcde verlie\u00dfen wir nach diesem langen musikalischen Tag unter donnerndem Applaus unseres Publikums die B\u00fchne.<\/p>\n<p><a href=\"https:\/\/www.musikverein-neuthard.de\/wp-content\/uploads\/2022\/05\/2022-05_Pfarrfest1.jpg\"><img loading=\"lazy\" decoding=\"async\" class=\"alignnone size-large wp-image-1783\" src=\"https:\/\/www.musikverein-neuthard.de\/wp-content\/uploads\/2022\/05\/2022-05_Pfarrfest1-1024x683.jpg\" alt=\"\" width=\"900\" height=\"600\" srcset=\"https:\/\/www.musikverein-neuthard.de\/wp-content\/uploads\/2022\/05\/2022-05_Pfarrfest1-1024x683.jpg 1024w, https:\/\/www.musikverein-neuthard.de\/wp-content\/uploads\/2022\/05\/2022-05_Pfarrfest1-300x200.jpg 300w, https:\/\/www.musikverein-neuthard.de\/wp-content\/uploads\/2022\/05\/2022-05_Pfarrfest1-768x512.jpg 768w, https:\/\/www.musikverein-neuthard.de\/wp-content\/uploads\/2022\/05\/2022-05_Pfarrfest1-1536x1024.jpg 1536w, https:\/\/www.musikverein-neuthard.de\/wp-content\/uploads\/2022\/05\/2022-05_Pfarrfest1.jpg 1582w\" sizes=\"auto, (max-width: 900px) 100vw, 900px\" \/><\/a><\/p>\n<p><strong>Ihr habt unseren Auftritt verpasst? N\u00e4chste Woche spielen wir auf dem Festumzug in Kirrlach.<\/strong><\/p>\n","protected":false},"excerpt":{"rendered":"<p>Dieser Spruch ging vergangenen Sonntag dem ein oder anderen Musiker \u00fcber die Lippen. Er\u00f6ffneten wir doch nach dem Gottesdienst im Hambr\u00fccken das Musikfest um 11:30<\/p>\n","protected":false},"author":3,"featured_media":1784,"comment_status":"closed","ping_status":"closed","sticky":false,"template":"","format":"standard","meta":{"footnotes":""},"categories":[2],"tags":[],"class_list":["post-1772","post","type-post","status-publish","format-standard","has-post-thumbnail","hentry","category-aktuelles"],"_links":{"self":[{"href":"https:\/\/www.musikverein-neuthard.de\/index.php\/wp-json\/wp\/v2\/posts\/1772","targetHints":{"allow":["GET"]}}],"collection":[{"href":"https:\/\/www.musikverein-neuthard.de\/index.php\/wp-json\/wp\/v2\/posts"}],"about":[{"href":"https:\/\/www.musikverein-neuthard.de\/index.php\/wp-json\/wp\/v2\/types\/post"}],"author":[{"embeddable":true,"href":"https:\/\/www.musikverein-neuthard.de\/index.php\/wp-json\/wp\/v2\/users\/3"}],"replies":[{"embeddable":true,"href":"https:\/\/www.musikverein-neuthard.de\/index.php\/wp-json\/wp\/v2\/comments?post=1772"}],"version-history":[{"count":2,"href":"https:\/\/www.musikverein-neuthard.de\/index.php\/wp-json\/wp\/v2\/posts\/1772\/revisions"}],"predecessor-version":[{"id":1785,"href":"https:\/\/www.musikverein-neuthard.de\/index.php\/wp-json\/wp\/v2\/posts\/1772\/revisions\/1785"}],"wp:featuredmedia":[{"embeddable":true,"href":"https:\/\/www.musikverein-neuthard.de\/index.php\/wp-json\/wp\/v2\/media\/1784"}],"wp:attachment":[{"href":"https:\/\/www.musikverein-neuthard.de\/index.php\/wp-json\/wp\/v2\/media?parent=1772"}],"wp:term":[{"taxonomy":"category","embeddable":true,"href":"https:\/\/www.musikverein-neuthard.de\/index.php\/wp-json\/wp\/v2\/categories?post=1772"},{"taxonomy":"post_tag","embeddable":true,"href":"https:\/\/www.musikverein-neuthard.de\/index.php\/wp-json\/wp\/v2\/tags?post=1772"}],"curies":[{"name":"wp","href":"https:\/\/api.w.org\/{rel}","templated":true}]}}