{"id":178,"date":"2017-09-15T09:43:45","date_gmt":"2017-09-15T07:43:45","guid":{"rendered":"https:\/\/www.musikverein-neuthard.de\/?p=178"},"modified":"2017-09-15T09:56:22","modified_gmt":"2017-09-15T07:56:22","slug":"kirchliche-hochzeit-von-ann-kathrin-und-alexander","status":"publish","type":"post","link":"https:\/\/www.musikverein-neuthard.de\/index.php\/2017\/09\/kirchliche-hochzeit-von-ann-kathrin-und-alexander\/","title":{"rendered":"Kirchliche Hochzeit von Ann-Kathrin und Alexander"},"content":{"rendered":"<p>Im letzten Jahr, am 26. August 2016 ehelichte unsere Trompeterin Ann-Kathrin Sch\u00e4fer Ihren langj\u00e4hrigen Lebensgef\u00e4hrten Alexander H\u00e4nel. Am 15. Juli 2017 fand nun die kirchliche Hochzeit in Obergrombach statt.<\/p>\n<p>Bei herrlichem Wetter brachte der Musikverein im Anschluss an die Kirche auf dem Vorplatz zum Sektempfang sein St\u00e4ndchen.<\/p>\n<p>Wir w\u00fcnschen Euch beiden viele harmonische Jahre, weiterhin Freude in der Musik und nat\u00fcrlich viele Kinder!<\/p>\n<p><a href=\"https:\/\/www.musikverein-neuthard.de\/wp-content\/uploads\/2017\/09\/2017-07_HochzeitAnn2.jpg\"><img loading=\"lazy\" decoding=\"async\" class=\"alignnone wp-image-183 \" src=\"https:\/\/www.musikverein-neuthard.de\/wp-content\/uploads\/2017\/09\/2017-07_HochzeitAnn2-682x1024.jpg\" alt=\"\" width=\"522\" height=\"784\" srcset=\"https:\/\/www.musikverein-neuthard.de\/wp-content\/uploads\/2017\/09\/2017-07_HochzeitAnn2-682x1024.jpg 682w, https:\/\/www.musikverein-neuthard.de\/wp-content\/uploads\/2017\/09\/2017-07_HochzeitAnn2-200x300.jpg 200w, https:\/\/www.musikverein-neuthard.de\/wp-content\/uploads\/2017\/09\/2017-07_HochzeitAnn2-768x1152.jpg 768w, https:\/\/www.musikverein-neuthard.de\/wp-content\/uploads\/2017\/09\/2017-07_HochzeitAnn2.jpg 805w\" sizes=\"auto, (max-width: 522px) 100vw, 522px\" \/><\/a><\/p>\n","protected":false},"excerpt":{"rendered":"<p>Im letzten Jahr, am 26. August 2016 ehelichte unsere Trompeterin Ann-Kathrin Sch\u00e4fer Ihren langj\u00e4hrigen Lebensgef\u00e4hrten Alexander H\u00e4nel. Am 15. Juli 2017 fand nun die kirchliche<\/p>\n","protected":false},"author":3,"featured_media":182,"comment_status":"closed","ping_status":"closed","sticky":false,"template":"","format":"standard","meta":{"footnotes":""},"categories":[2],"tags":[],"class_list":["post-178","post","type-post","status-publish","format-standard","has-post-thumbnail","hentry","category-aktuelles"],"_links":{"self":[{"href":"https:\/\/www.musikverein-neuthard.de\/index.php\/wp-json\/wp\/v2\/posts\/178","targetHints":{"allow":["GET"]}}],"collection":[{"href":"https:\/\/www.musikverein-neuthard.de\/index.php\/wp-json\/wp\/v2\/posts"}],"about":[{"href":"https:\/\/www.musikverein-neuthard.de\/index.php\/wp-json\/wp\/v2\/types\/post"}],"author":[{"embeddable":true,"href":"https:\/\/www.musikverein-neuthard.de\/index.php\/wp-json\/wp\/v2\/users\/3"}],"replies":[{"embeddable":true,"href":"https:\/\/www.musikverein-neuthard.de\/index.php\/wp-json\/wp\/v2\/comments?post=178"}],"version-history":[{"count":4,"href":"https:\/\/www.musikverein-neuthard.de\/index.php\/wp-json\/wp\/v2\/posts\/178\/revisions"}],"predecessor-version":[{"id":186,"href":"https:\/\/www.musikverein-neuthard.de\/index.php\/wp-json\/wp\/v2\/posts\/178\/revisions\/186"}],"wp:featuredmedia":[{"embeddable":true,"href":"https:\/\/www.musikverein-neuthard.de\/index.php\/wp-json\/wp\/v2\/media\/182"}],"wp:attachment":[{"href":"https:\/\/www.musikverein-neuthard.de\/index.php\/wp-json\/wp\/v2\/media?parent=178"}],"wp:term":[{"taxonomy":"category","embeddable":true,"href":"https:\/\/www.musikverein-neuthard.de\/index.php\/wp-json\/wp\/v2\/categories?post=178"},{"taxonomy":"post_tag","embeddable":true,"href":"https:\/\/www.musikverein-neuthard.de\/index.php\/wp-json\/wp\/v2\/tags?post=178"}],"curies":[{"name":"wp","href":"https:\/\/api.w.org\/{rel}","templated":true}]}}