{"id":1793,"date":"2022-05-31T23:18:54","date_gmt":"2022-05-31T21:18:54","guid":{"rendered":"https:\/\/www.musikverein-neuthard.de\/?p=1793"},"modified":"2022-05-31T23:24:58","modified_gmt":"2022-05-31T21:24:58","slug":"1793","status":"publish","type":"post","link":"https:\/\/www.musikverein-neuthard.de\/index.php\/2022\/05\/1793\/","title":{"rendered":"Vatertagsfest NFD 2022 \u2013 Sch\u00f6nes Wetter, Gute Stimmung!"},"content":{"rendered":"<p><a href=\"https:\/\/www.musikverein-neuthard.de\/wp-content\/uploads\/2022\/05\/2022-05_NFD1.jpg\"><img loading=\"lazy\" decoding=\"async\" class=\"alignnone size-full wp-image-1796\" src=\"https:\/\/www.musikverein-neuthard.de\/wp-content\/uploads\/2022\/05\/2022-05_NFD1.jpg\" alt=\"\" width=\"1024\" height=\"768\" srcset=\"https:\/\/www.musikverein-neuthard.de\/wp-content\/uploads\/2022\/05\/2022-05_NFD1.jpg 1024w, https:\/\/www.musikverein-neuthard.de\/wp-content\/uploads\/2022\/05\/2022-05_NFD1-300x225.jpg 300w, https:\/\/www.musikverein-neuthard.de\/wp-content\/uploads\/2022\/05\/2022-05_NFD1-768x576.jpg 768w\" sizes=\"auto, (max-width: 1024px) 100vw, 1024px\" \/><\/a><\/p>\n<p>Letzte Woche feierte die NFD das traditionelle Vatertagsfest. Das Wetter war nahezu perfekt und so fanden zahlreiche NFD\u2018ler, Freunde und G\u00f6nner der NFD ihren Weg zum MVN, um dort gemeinsam zu feiern. Nach zwei Jahren ohne Vatertagsfest bot sich hier zum ersten Mal die M\u00f6glichkeit l\u00e4ngst \u00fcberf\u00e4llige Ehrungen durchzuf\u00fchren. So wurde Michael Gei\u00dfler zum Ehrenpr\u00e4sident ernannt, Jochen Merkel und Oliver Sch\u00e4fer zu Senatoren und Thilo Kistner bekam den Ehrenorden verliehen. Dar\u00fcber hinaus wurden zahlreiche weitere Orden in Silber und Bronze verliehen.<\/p>\n<p><a href=\"https:\/\/www.musikverein-neuthard.de\/wp-content\/uploads\/2022\/05\/2022-05_NFD2.jpg\"><img loading=\"lazy\" decoding=\"async\" class=\"alignnone size-large wp-image-1797\" src=\"https:\/\/www.musikverein-neuthard.de\/wp-content\/uploads\/2022\/05\/2022-05_NFD2-1024x768.jpg\" alt=\"\" width=\"900\" height=\"675\" srcset=\"https:\/\/www.musikverein-neuthard.de\/wp-content\/uploads\/2022\/05\/2022-05_NFD2-1024x768.jpg 1024w, https:\/\/www.musikverein-neuthard.de\/wp-content\/uploads\/2022\/05\/2022-05_NFD2-300x225.jpg 300w, https:\/\/www.musikverein-neuthard.de\/wp-content\/uploads\/2022\/05\/2022-05_NFD2-768x576.jpg 768w, https:\/\/www.musikverein-neuthard.de\/wp-content\/uploads\/2022\/05\/2022-05_NFD2.jpg 1536w\" sizes=\"auto, (max-width: 900px) 100vw, 900px\" \/><\/a><\/p>\n<p>F\u00fcr das gute Essen sorgte unser Grillteam, welches die G\u00e4ste mit Steaks, Schweinebauch und Grillw\u00fcrsten versorgte. Ein gro\u00dfer Dank geht an der Stelle an unser Grillteam (Martin Bellm und Manuel Bohn) und an die zahlreichen Salat- und Kuchenspenden. Dar\u00fcber hinaus m\u00f6chte sich der Elferrat f\u00fcr alle weiteren Spenden bedanken und bei allen, die zum Gelingen dieses Festes beigetragen haben.<\/p>\n<p>Euer Elferrat<\/p>\n","protected":false},"excerpt":{"rendered":"<p>Letzte Woche feierte die NFD das traditionelle Vatertagsfest. Das Wetter war nahezu perfekt und so fanden zahlreiche NFD\u2018ler, Freunde und G\u00f6nner der NFD ihren Weg<\/p>\n","protected":false},"author":3,"featured_media":1799,"comment_status":"closed","ping_status":"closed","sticky":false,"template":"","format":"standard","meta":{"footnotes":""},"categories":[2],"tags":[],"class_list":["post-1793","post","type-post","status-publish","format-standard","has-post-thumbnail","hentry","category-aktuelles"],"_links":{"self":[{"href":"https:\/\/www.musikverein-neuthard.de\/index.php\/wp-json\/wp\/v2\/posts\/1793","targetHints":{"allow":["GET"]}}],"collection":[{"href":"https:\/\/www.musikverein-neuthard.de\/index.php\/wp-json\/wp\/v2\/posts"}],"about":[{"href":"https:\/\/www.musikverein-neuthard.de\/index.php\/wp-json\/wp\/v2\/types\/post"}],"author":[{"embeddable":true,"href":"https:\/\/www.musikverein-neuthard.de\/index.php\/wp-json\/wp\/v2\/users\/3"}],"replies":[{"embeddable":true,"href":"https:\/\/www.musikverein-neuthard.de\/index.php\/wp-json\/wp\/v2\/comments?post=1793"}],"version-history":[{"count":3,"href":"https:\/\/www.musikverein-neuthard.de\/index.php\/wp-json\/wp\/v2\/posts\/1793\/revisions"}],"predecessor-version":[{"id":1798,"href":"https:\/\/www.musikverein-neuthard.de\/index.php\/wp-json\/wp\/v2\/posts\/1793\/revisions\/1798"}],"wp:featuredmedia":[{"embeddable":true,"href":"https:\/\/www.musikverein-neuthard.de\/index.php\/wp-json\/wp\/v2\/media\/1799"}],"wp:attachment":[{"href":"https:\/\/www.musikverein-neuthard.de\/index.php\/wp-json\/wp\/v2\/media?parent=1793"}],"wp:term":[{"taxonomy":"category","embeddable":true,"href":"https:\/\/www.musikverein-neuthard.de\/index.php\/wp-json\/wp\/v2\/categories?post=1793"},{"taxonomy":"post_tag","embeddable":true,"href":"https:\/\/www.musikverein-neuthard.de\/index.php\/wp-json\/wp\/v2\/tags?post=1793"}],"curies":[{"name":"wp","href":"https:\/\/api.w.org\/{rel}","templated":true}]}}