{"id":1806,"date":"2022-06-07T22:56:32","date_gmt":"2022-06-07T20:56:32","guid":{"rendered":"https:\/\/www.musikverein-neuthard.de\/?p=1806"},"modified":"2022-06-07T23:24:49","modified_gmt":"2022-06-07T21:24:49","slug":"festumzug-kirrlach","status":"publish","type":"post","link":"https:\/\/www.musikverein-neuthard.de\/index.php\/2022\/06\/festumzug-kirrlach\/","title":{"rendered":"Festumzug Kirrlach"},"content":{"rendered":"<p><a href=\"https:\/\/www.musikverein-neuthard.de\/wp-content\/uploads\/2022\/06\/EA7A7872-7D3F-4C62-BDEA-9EB9CA80DCF1.jpeg\"><img loading=\"lazy\" decoding=\"async\" class=\"alignnone size-large wp-image-1809\" src=\"https:\/\/www.musikverein-neuthard.de\/wp-content\/uploads\/2022\/06\/EA7A7872-7D3F-4C62-BDEA-9EB9CA80DCF1-1024x576.jpeg\" alt=\"\" width=\"900\" height=\"506\" srcset=\"https:\/\/www.musikverein-neuthard.de\/wp-content\/uploads\/2022\/06\/EA7A7872-7D3F-4C62-BDEA-9EB9CA80DCF1-1024x576.jpeg 1024w, https:\/\/www.musikverein-neuthard.de\/wp-content\/uploads\/2022\/06\/EA7A7872-7D3F-4C62-BDEA-9EB9CA80DCF1-300x169.jpeg 300w, https:\/\/www.musikverein-neuthard.de\/wp-content\/uploads\/2022\/06\/EA7A7872-7D3F-4C62-BDEA-9EB9CA80DCF1-768x432.jpeg 768w, https:\/\/www.musikverein-neuthard.de\/wp-content\/uploads\/2022\/06\/EA7A7872-7D3F-4C62-BDEA-9EB9CA80DCF1-1536x864.jpeg 1536w, https:\/\/www.musikverein-neuthard.de\/wp-content\/uploads\/2022\/06\/EA7A7872-7D3F-4C62-BDEA-9EB9CA80DCF1.jpeg 1775w\" sizes=\"auto, (max-width: 900px) 100vw, 900px\" \/><\/a><\/p>\n<p>Beim Heimspiel unseres Dirigenten Michael in Kirrlach pr\u00e4sentierte sich der MV Neuthard beim Festzumzug gewohnt souver\u00e4n. Bei der Anfahrt nach Kirrlach gab es noch kr\u00e4ftige Schauer. W\u00e4hrend des Umzugs hatte der Wettergott ein Einsehen und wir marschierten unter einem Sonne und Wolkenmix.<\/p>\n<p><a href=\"https:\/\/www.musikverein-neuthard.de\/wp-content\/uploads\/2022\/06\/8B3A3971-FB00-4405-BC93-26957FB25D57.jpeg\"><img loading=\"lazy\" decoding=\"async\" class=\"alignnone wp-image-1811 size-large\" src=\"https:\/\/www.musikverein-neuthard.de\/wp-content\/uploads\/2022\/06\/8B3A3971-FB00-4405-BC93-26957FB25D57-575x1024.jpeg\" alt=\"\" width=\"575\" height=\"1024\" srcset=\"https:\/\/www.musikverein-neuthard.de\/wp-content\/uploads\/2022\/06\/8B3A3971-FB00-4405-BC93-26957FB25D57-575x1024.jpeg 575w, https:\/\/www.musikverein-neuthard.de\/wp-content\/uploads\/2022\/06\/8B3A3971-FB00-4405-BC93-26957FB25D57-169x300.jpeg 169w, https:\/\/www.musikverein-neuthard.de\/wp-content\/uploads\/2022\/06\/8B3A3971-FB00-4405-BC93-26957FB25D57.jpeg 681w\" sizes=\"auto, (max-width: 575px) 100vw, 575px\" \/><\/a><\/p>\n","protected":false},"excerpt":{"rendered":"<p>Beim Heimspiel unseres Dirigenten Michael in Kirrlach pr\u00e4sentierte sich der MV Neuthard beim Festzumzug gewohnt souver\u00e4n. Bei der Anfahrt nach Kirrlach gab es noch kr\u00e4ftige<\/p>\n","protected":false},"author":3,"featured_media":1809,"comment_status":"closed","ping_status":"closed","sticky":false,"template":"","format":"standard","meta":{"footnotes":""},"categories":[2],"tags":[],"class_list":["post-1806","post","type-post","status-publish","format-standard","has-post-thumbnail","hentry","category-aktuelles"],"_links":{"self":[{"href":"https:\/\/www.musikverein-neuthard.de\/index.php\/wp-json\/wp\/v2\/posts\/1806","targetHints":{"allow":["GET"]}}],"collection":[{"href":"https:\/\/www.musikverein-neuthard.de\/index.php\/wp-json\/wp\/v2\/posts"}],"about":[{"href":"https:\/\/www.musikverein-neuthard.de\/index.php\/wp-json\/wp\/v2\/types\/post"}],"author":[{"embeddable":true,"href":"https:\/\/www.musikverein-neuthard.de\/index.php\/wp-json\/wp\/v2\/users\/3"}],"replies":[{"embeddable":true,"href":"https:\/\/www.musikverein-neuthard.de\/index.php\/wp-json\/wp\/v2\/comments?post=1806"}],"version-history":[{"count":4,"href":"https:\/\/www.musikverein-neuthard.de\/index.php\/wp-json\/wp\/v2\/posts\/1806\/revisions"}],"predecessor-version":[{"id":1813,"href":"https:\/\/www.musikverein-neuthard.de\/index.php\/wp-json\/wp\/v2\/posts\/1806\/revisions\/1813"}],"wp:featuredmedia":[{"embeddable":true,"href":"https:\/\/www.musikverein-neuthard.de\/index.php\/wp-json\/wp\/v2\/media\/1809"}],"wp:attachment":[{"href":"https:\/\/www.musikverein-neuthard.de\/index.php\/wp-json\/wp\/v2\/media?parent=1806"}],"wp:term":[{"taxonomy":"category","embeddable":true,"href":"https:\/\/www.musikverein-neuthard.de\/index.php\/wp-json\/wp\/v2\/categories?post=1806"},{"taxonomy":"post_tag","embeddable":true,"href":"https:\/\/www.musikverein-neuthard.de\/index.php\/wp-json\/wp\/v2\/tags?post=1806"}],"curies":[{"name":"wp","href":"https:\/\/api.w.org\/{rel}","templated":true}]}}