{"id":1836,"date":"2022-06-30T11:04:48","date_gmt":"2022-06-30T09:04:48","guid":{"rendered":"https:\/\/www.musikverein-neuthard.de\/?p=1836"},"modified":"2022-06-30T11:05:15","modified_gmt":"2022-06-30T09:05:15","slug":"gastauftritt-der-jugendkapelle","status":"publish","type":"post","link":"https:\/\/www.musikverein-neuthard.de\/index.php\/2022\/06\/gastauftritt-der-jugendkapelle\/","title":{"rendered":"Gastauftritt der Jugendkapelle"},"content":{"rendered":"<p><a href=\"https:\/\/www.musikverein-neuthard.de\/wp-content\/uploads\/2022\/06\/2022-06_JgdKarlsdorf.jpg\"><img loading=\"lazy\" decoding=\"async\" class=\"alignnone size-full wp-image-1837\" src=\"https:\/\/www.musikverein-neuthard.de\/wp-content\/uploads\/2022\/06\/2022-06_JgdKarlsdorf.jpg\" alt=\"\" width=\"1024\" height=\"576\" srcset=\"https:\/\/www.musikverein-neuthard.de\/wp-content\/uploads\/2022\/06\/2022-06_JgdKarlsdorf.jpg 1024w, https:\/\/www.musikverein-neuthard.de\/wp-content\/uploads\/2022\/06\/2022-06_JgdKarlsdorf-300x169.jpg 300w, https:\/\/www.musikverein-neuthard.de\/wp-content\/uploads\/2022\/06\/2022-06_JgdKarlsdorf-768x432.jpg 768w\" sizes=\"auto, (max-width: 1024px) 100vw, 1024px\" \/><\/a><\/p>\n<p>Am 26.06.22 waren wir zu Gast beim Jugendtag des MV Karlsdorf anl\u00e4ssig seines 100-j\u00e4hrigen Jubil\u00e4ums. Wir hatten sehr viel Spa\u00df und bedanken uns f\u00fcr die Einladung sowie das Gastgeschenk.<\/p>\n<p>N\u00e4chsten Sonntag k\u00f6nnt ihr uns <strong>gegen 13:00 Uhr auf dem Wiesenfest<\/strong> zuh\u00f6ren. Wir freuen uns auf euch!<\/p>\n","protected":false},"excerpt":{"rendered":"<p>Am 26.06.22 waren wir zu Gast beim Jugendtag des MV Karlsdorf anl\u00e4ssig seines 100-j\u00e4hrigen Jubil\u00e4ums. Wir hatten sehr viel Spa\u00df und bedanken uns f\u00fcr die<\/p>\n","protected":false},"author":3,"featured_media":1837,"comment_status":"closed","ping_status":"closed","sticky":false,"template":"","format":"standard","meta":{"footnotes":""},"categories":[2],"tags":[],"class_list":["post-1836","post","type-post","status-publish","format-standard","has-post-thumbnail","hentry","category-aktuelles"],"_links":{"self":[{"href":"https:\/\/www.musikverein-neuthard.de\/index.php\/wp-json\/wp\/v2\/posts\/1836","targetHints":{"allow":["GET"]}}],"collection":[{"href":"https:\/\/www.musikverein-neuthard.de\/index.php\/wp-json\/wp\/v2\/posts"}],"about":[{"href":"https:\/\/www.musikverein-neuthard.de\/index.php\/wp-json\/wp\/v2\/types\/post"}],"author":[{"embeddable":true,"href":"https:\/\/www.musikverein-neuthard.de\/index.php\/wp-json\/wp\/v2\/users\/3"}],"replies":[{"embeddable":true,"href":"https:\/\/www.musikverein-neuthard.de\/index.php\/wp-json\/wp\/v2\/comments?post=1836"}],"version-history":[{"count":2,"href":"https:\/\/www.musikverein-neuthard.de\/index.php\/wp-json\/wp\/v2\/posts\/1836\/revisions"}],"predecessor-version":[{"id":1839,"href":"https:\/\/www.musikverein-neuthard.de\/index.php\/wp-json\/wp\/v2\/posts\/1836\/revisions\/1839"}],"wp:featuredmedia":[{"embeddable":true,"href":"https:\/\/www.musikverein-neuthard.de\/index.php\/wp-json\/wp\/v2\/media\/1837"}],"wp:attachment":[{"href":"https:\/\/www.musikverein-neuthard.de\/index.php\/wp-json\/wp\/v2\/media?parent=1836"}],"wp:term":[{"taxonomy":"category","embeddable":true,"href":"https:\/\/www.musikverein-neuthard.de\/index.php\/wp-json\/wp\/v2\/categories?post=1836"},{"taxonomy":"post_tag","embeddable":true,"href":"https:\/\/www.musikverein-neuthard.de\/index.php\/wp-json\/wp\/v2\/tags?post=1836"}],"curies":[{"name":"wp","href":"https:\/\/api.w.org\/{rel}","templated":true}]}}