{"id":1854,"date":"2022-07-08T11:24:08","date_gmt":"2022-07-08T09:24:08","guid":{"rendered":"https:\/\/www.musikverein-neuthard.de\/?p=1854"},"modified":"2022-07-08T11:24:08","modified_gmt":"2022-07-08T09:24:08","slug":"wiesenfest-2-0-ein-voller-erfolg","status":"publish","type":"post","link":"https:\/\/www.musikverein-neuthard.de\/index.php\/2022\/07\/wiesenfest-2-0-ein-voller-erfolg\/","title":{"rendered":"Wiesenfest 2.0 \u2013 ein voller Erfolg!"},"content":{"rendered":"<p>Unser Wiesenfest 2.0 war eine Weiterentwicklung unseres bew\u00e4hrten Musikfestkonzeptes. Ohne gro\u00dfes Festzelt daf\u00fcr mit Biergarten-Atmosph\u00e4re, ohne Bedienungen daf\u00fcr mit EC-Zahlungen, nur zwei Festtage und der bew\u00e4hrte Montagabend am Samstagabend &#8211; um nur die gr\u00f6\u00dften \u00c4nderungen zu nennen.<\/p>\n<p>Viel Neues erforderte schon im Vorhinein viel Planung, neue Aufbaukonzepte, Strom, Wasser, komplett neue Einsatzpl\u00e4ne, andere Helferdienste, \u2026<\/p>\n<p>Ein gro\u00dfes Dankesch\u00f6n an alle Helfer, die Monate im Voraus, die rund ums Fest und auch beim Abbau und Aufr\u00e4umen unerm\u00fcdlich im Einsatz waren.<\/p>\n","protected":false},"excerpt":{"rendered":"<p>Unser Wiesenfest 2.0 war eine Weiterentwicklung unseres bew\u00e4hrten Musikfestkonzeptes. Ohne gro\u00dfes Festzelt daf\u00fcr mit Biergarten-Atmosph\u00e4re, ohne Bedienungen daf\u00fcr mit EC-Zahlungen, nur zwei Festtage und der<\/p>\n","protected":false},"author":3,"featured_media":0,"comment_status":"closed","ping_status":"closed","sticky":false,"template":"","format":"standard","meta":{"footnotes":""},"categories":[2],"tags":[],"class_list":["post-1854","post","type-post","status-publish","format-standard","hentry","category-aktuelles"],"_links":{"self":[{"href":"https:\/\/www.musikverein-neuthard.de\/index.php\/wp-json\/wp\/v2\/posts\/1854","targetHints":{"allow":["GET"]}}],"collection":[{"href":"https:\/\/www.musikverein-neuthard.de\/index.php\/wp-json\/wp\/v2\/posts"}],"about":[{"href":"https:\/\/www.musikverein-neuthard.de\/index.php\/wp-json\/wp\/v2\/types\/post"}],"author":[{"embeddable":true,"href":"https:\/\/www.musikverein-neuthard.de\/index.php\/wp-json\/wp\/v2\/users\/3"}],"replies":[{"embeddable":true,"href":"https:\/\/www.musikverein-neuthard.de\/index.php\/wp-json\/wp\/v2\/comments?post=1854"}],"version-history":[{"count":1,"href":"https:\/\/www.musikverein-neuthard.de\/index.php\/wp-json\/wp\/v2\/posts\/1854\/revisions"}],"predecessor-version":[{"id":1855,"href":"https:\/\/www.musikverein-neuthard.de\/index.php\/wp-json\/wp\/v2\/posts\/1854\/revisions\/1855"}],"wp:attachment":[{"href":"https:\/\/www.musikverein-neuthard.de\/index.php\/wp-json\/wp\/v2\/media?parent=1854"}],"wp:term":[{"taxonomy":"category","embeddable":true,"href":"https:\/\/www.musikverein-neuthard.de\/index.php\/wp-json\/wp\/v2\/categories?post=1854"},{"taxonomy":"post_tag","embeddable":true,"href":"https:\/\/www.musikverein-neuthard.de\/index.php\/wp-json\/wp\/v2\/tags?post=1854"}],"curies":[{"name":"wp","href":"https:\/\/api.w.org\/{rel}","templated":true}]}}