{"id":1888,"date":"2022-07-28T21:17:00","date_gmt":"2022-07-28T19:17:00","guid":{"rendered":"https:\/\/www.musikverein-neuthard.de\/?p=1888"},"modified":"2022-07-28T21:17:00","modified_gmt":"2022-07-28T19:17:00","slug":"hochzeit-markus-und-lena-schaefer","status":"publish","type":"post","link":"https:\/\/www.musikverein-neuthard.de\/index.php\/2022\/07\/hochzeit-markus-und-lena-schaefer\/","title":{"rendered":"Hochzeit Markus und Lena Sch\u00e4fer"},"content":{"rendered":"<p><a href=\"https:\/\/www.musikverein-neuthard.de\/wp-content\/uploads\/2022\/07\/2022-07_HochzeitMarkus1.jpg\"><img loading=\"lazy\" decoding=\"async\" class=\"alignnone size-full wp-image-1890\" src=\"https:\/\/www.musikverein-neuthard.de\/wp-content\/uploads\/2022\/07\/2022-07_HochzeitMarkus1.jpg\" alt=\"\" width=\"1600\" height=\"1064\" srcset=\"https:\/\/www.musikverein-neuthard.de\/wp-content\/uploads\/2022\/07\/2022-07_HochzeitMarkus1.jpg 1600w, https:\/\/www.musikverein-neuthard.de\/wp-content\/uploads\/2022\/07\/2022-07_HochzeitMarkus1-300x200.jpg 300w, https:\/\/www.musikverein-neuthard.de\/wp-content\/uploads\/2022\/07\/2022-07_HochzeitMarkus1-1024x681.jpg 1024w, https:\/\/www.musikverein-neuthard.de\/wp-content\/uploads\/2022\/07\/2022-07_HochzeitMarkus1-768x511.jpg 768w, https:\/\/www.musikverein-neuthard.de\/wp-content\/uploads\/2022\/07\/2022-07_HochzeitMarkus1-1536x1021.jpg 1536w\" sizes=\"auto, (max-width: 1600px) 100vw, 1600px\" \/><\/a><\/p>\n<p>Schon Anfang Juni 2022 begleiteten wir musikalisch die kirchliche Hochzeit von Lena und Markus Sch\u00e4fer in Menzingen.<\/p>\n<p>Aufgrund der Coronawirrungen fand die Trauung an\u00a0einen Freitagnachmittag statt. Alle\u00a0die es m\u00f6glich machen konnten\u00a0fuhren nach Menzingen, um Markus und Lena die Hochzeit mit wundersch\u00f6nen Weisen zu vers\u00fc\u00dfen.<\/p>\n<p>Vergangenen Freitag lud das Brautpaar den Musikverein Neuthard nun zu einem Fest ein.<\/p>\n<p>Ganz herzlichen Dank, liebe Lena und lieber Markus f\u00fcr die gro\u00dfz\u00fcgige Bewirtung.<\/p>\n<p><a href=\"https:\/\/www.musikverein-neuthard.de\/wp-content\/uploads\/2022\/07\/2022-07_HochzeitMarkus2.jpg\"><img loading=\"lazy\" decoding=\"async\" class=\"alignnone size-full wp-image-1891\" src=\"https:\/\/www.musikverein-neuthard.de\/wp-content\/uploads\/2022\/07\/2022-07_HochzeitMarkus2.jpg\" alt=\"\" width=\"1600\" height=\"1200\" srcset=\"https:\/\/www.musikverein-neuthard.de\/wp-content\/uploads\/2022\/07\/2022-07_HochzeitMarkus2.jpg 1600w, https:\/\/www.musikverein-neuthard.de\/wp-content\/uploads\/2022\/07\/2022-07_HochzeitMarkus2-300x225.jpg 300w, https:\/\/www.musikverein-neuthard.de\/wp-content\/uploads\/2022\/07\/2022-07_HochzeitMarkus2-1024x768.jpg 1024w, https:\/\/www.musikverein-neuthard.de\/wp-content\/uploads\/2022\/07\/2022-07_HochzeitMarkus2-768x576.jpg 768w, https:\/\/www.musikverein-neuthard.de\/wp-content\/uploads\/2022\/07\/2022-07_HochzeitMarkus2-1536x1152.jpg 1536w\" sizes=\"auto, (max-width: 1600px) 100vw, 1600px\" \/><\/a><\/p>\n","protected":false},"excerpt":{"rendered":"<p>Schon Anfang Juni 2022 begleiteten wir musikalisch die kirchliche Hochzeit von Lena und Markus Sch\u00e4fer in Menzingen. Aufgrund der Coronawirrungen fand die Trauung an\u00a0einen Freitagnachmittag<\/p>\n","protected":false},"author":3,"featured_media":1890,"comment_status":"closed","ping_status":"closed","sticky":false,"template":"","format":"standard","meta":{"footnotes":""},"categories":[2],"tags":[],"class_list":["post-1888","post","type-post","status-publish","format-standard","has-post-thumbnail","hentry","category-aktuelles"],"_links":{"self":[{"href":"https:\/\/www.musikverein-neuthard.de\/index.php\/wp-json\/wp\/v2\/posts\/1888","targetHints":{"allow":["GET"]}}],"collection":[{"href":"https:\/\/www.musikverein-neuthard.de\/index.php\/wp-json\/wp\/v2\/posts"}],"about":[{"href":"https:\/\/www.musikverein-neuthard.de\/index.php\/wp-json\/wp\/v2\/types\/post"}],"author":[{"embeddable":true,"href":"https:\/\/www.musikverein-neuthard.de\/index.php\/wp-json\/wp\/v2\/users\/3"}],"replies":[{"embeddable":true,"href":"https:\/\/www.musikverein-neuthard.de\/index.php\/wp-json\/wp\/v2\/comments?post=1888"}],"version-history":[{"count":2,"href":"https:\/\/www.musikverein-neuthard.de\/index.php\/wp-json\/wp\/v2\/posts\/1888\/revisions"}],"predecessor-version":[{"id":1892,"href":"https:\/\/www.musikverein-neuthard.de\/index.php\/wp-json\/wp\/v2\/posts\/1888\/revisions\/1892"}],"wp:featuredmedia":[{"embeddable":true,"href":"https:\/\/www.musikverein-neuthard.de\/index.php\/wp-json\/wp\/v2\/media\/1890"}],"wp:attachment":[{"href":"https:\/\/www.musikverein-neuthard.de\/index.php\/wp-json\/wp\/v2\/media?parent=1888"}],"wp:term":[{"taxonomy":"category","embeddable":true,"href":"https:\/\/www.musikverein-neuthard.de\/index.php\/wp-json\/wp\/v2\/categories?post=1888"},{"taxonomy":"post_tag","embeddable":true,"href":"https:\/\/www.musikverein-neuthard.de\/index.php\/wp-json\/wp\/v2\/tags?post=1888"}],"curies":[{"name":"wp","href":"https:\/\/api.w.org\/{rel}","templated":true}]}}