{"id":1923,"date":"2022-09-19T09:51:12","date_gmt":"2022-09-19T07:51:12","guid":{"rendered":"https:\/\/www.musikverein-neuthard.de\/?p=1923"},"modified":"2022-09-19T09:51:56","modified_gmt":"2022-09-19T07:51:56","slug":"100jaehriger-geburtstag","status":"publish","type":"post","link":"https:\/\/www.musikverein-neuthard.de\/index.php\/2022\/09\/100jaehriger-geburtstag\/","title":{"rendered":"100j\u00e4hriger Geburtstag"},"content":{"rendered":"<p><a href=\"https:\/\/www.musikverein-neuthard.de\/wp-content\/uploads\/2022\/09\/2022-09_100Twins1.jpg\"><img loading=\"lazy\" decoding=\"async\" class=\"alignnone size-full wp-image-1925\" src=\"https:\/\/www.musikverein-neuthard.de\/wp-content\/uploads\/2022\/09\/2022-09_100Twins1.jpg\" alt=\"\" width=\"1600\" height=\"900\" srcset=\"https:\/\/www.musikverein-neuthard.de\/wp-content\/uploads\/2022\/09\/2022-09_100Twins1.jpg 1600w, https:\/\/www.musikverein-neuthard.de\/wp-content\/uploads\/2022\/09\/2022-09_100Twins1-300x169.jpg 300w, https:\/\/www.musikverein-neuthard.de\/wp-content\/uploads\/2022\/09\/2022-09_100Twins1-1024x576.jpg 1024w, https:\/\/www.musikverein-neuthard.de\/wp-content\/uploads\/2022\/09\/2022-09_100Twins1-768x432.jpg 768w, https:\/\/www.musikverein-neuthard.de\/wp-content\/uploads\/2022\/09\/2022-09_100Twins1-1536x864.jpg 1536w\" sizes=\"auto, (max-width: 1600px) 100vw, 1600px\" \/><\/a>Der Musikverein war Ende der Sommerferien zu einem ganz besonderen Jublil\u00e4um eingeladen. Ralph und Oliver feierten ihren gemeinsamen 100j\u00e4hrigen Geburtstag auf dem Gel\u00e4nde des Siedlergartens.<\/p>\n<p>Mit einem kleinen St\u00e4ndchen bedankte sich der Musikverein f\u00fcr die gro\u00dfz\u00fcgige Einladung.<\/p>\n<p><a href=\"https:\/\/www.musikverein-neuthard.de\/wp-content\/uploads\/2022\/09\/2022-09_100Twins2.jpg\"><img loading=\"lazy\" decoding=\"async\" class=\"alignnone size-full wp-image-1926\" src=\"https:\/\/www.musikverein-neuthard.de\/wp-content\/uploads\/2022\/09\/2022-09_100Twins2.jpg\" alt=\"\" width=\"1200\" height=\"900\" srcset=\"https:\/\/www.musikverein-neuthard.de\/wp-content\/uploads\/2022\/09\/2022-09_100Twins2.jpg 1200w, https:\/\/www.musikverein-neuthard.de\/wp-content\/uploads\/2022\/09\/2022-09_100Twins2-300x225.jpg 300w, https:\/\/www.musikverein-neuthard.de\/wp-content\/uploads\/2022\/09\/2022-09_100Twins2-1024x768.jpg 1024w, https:\/\/www.musikverein-neuthard.de\/wp-content\/uploads\/2022\/09\/2022-09_100Twins2-768x576.jpg 768w\" sizes=\"auto, (max-width: 1200px) 100vw, 1200px\" \/><\/a><\/p>\n","protected":false},"excerpt":{"rendered":"<p>Der Musikverein war Ende der Sommerferien zu einem ganz besonderen Jublil\u00e4um eingeladen. Ralph und Oliver feierten ihren gemeinsamen 100j\u00e4hrigen Geburtstag auf dem Gel\u00e4nde des Siedlergartens.<\/p>\n","protected":false},"author":3,"featured_media":1925,"comment_status":"closed","ping_status":"closed","sticky":false,"template":"","format":"standard","meta":{"footnotes":""},"categories":[2],"tags":[],"class_list":["post-1923","post","type-post","status-publish","format-standard","has-post-thumbnail","hentry","category-aktuelles"],"_links":{"self":[{"href":"https:\/\/www.musikverein-neuthard.de\/index.php\/wp-json\/wp\/v2\/posts\/1923","targetHints":{"allow":["GET"]}}],"collection":[{"href":"https:\/\/www.musikverein-neuthard.de\/index.php\/wp-json\/wp\/v2\/posts"}],"about":[{"href":"https:\/\/www.musikverein-neuthard.de\/index.php\/wp-json\/wp\/v2\/types\/post"}],"author":[{"embeddable":true,"href":"https:\/\/www.musikverein-neuthard.de\/index.php\/wp-json\/wp\/v2\/users\/3"}],"replies":[{"embeddable":true,"href":"https:\/\/www.musikverein-neuthard.de\/index.php\/wp-json\/wp\/v2\/comments?post=1923"}],"version-history":[{"count":2,"href":"https:\/\/www.musikverein-neuthard.de\/index.php\/wp-json\/wp\/v2\/posts\/1923\/revisions"}],"predecessor-version":[{"id":1927,"href":"https:\/\/www.musikverein-neuthard.de\/index.php\/wp-json\/wp\/v2\/posts\/1923\/revisions\/1927"}],"wp:featuredmedia":[{"embeddable":true,"href":"https:\/\/www.musikverein-neuthard.de\/index.php\/wp-json\/wp\/v2\/media\/1925"}],"wp:attachment":[{"href":"https:\/\/www.musikverein-neuthard.de\/index.php\/wp-json\/wp\/v2\/media?parent=1923"}],"wp:term":[{"taxonomy":"category","embeddable":true,"href":"https:\/\/www.musikverein-neuthard.de\/index.php\/wp-json\/wp\/v2\/categories?post=1923"},{"taxonomy":"post_tag","embeddable":true,"href":"https:\/\/www.musikverein-neuthard.de\/index.php\/wp-json\/wp\/v2\/tags?post=1923"}],"curies":[{"name":"wp","href":"https:\/\/api.w.org\/{rel}","templated":true}]}}