{"id":1931,"date":"2022-09-20T22:54:21","date_gmt":"2022-09-20T20:54:21","guid":{"rendered":"https:\/\/www.musikverein-neuthard.de\/?p=1931"},"modified":"2022-09-27T21:59:11","modified_gmt":"2022-09-27T19:59:11","slug":"einladung-zur-jugendhauptversammlung-2022","status":"publish","type":"post","link":"https:\/\/www.musikverein-neuthard.de\/index.php\/2022\/09\/einladung-zur-jugendhauptversammlung-2022\/","title":{"rendered":"Einladung zur Jugendhauptversammlung"},"content":{"rendered":"<p>Am 30.09.2022 findet um 18 Uhr die j\u00e4hrliche Hauptversammlung der Jugendkapelle und CMK des Musikvereins statt.<\/p>\n<p>Folgende Punkte sind auf der Agenda:<\/p>\n<ul>\n<li>Begr\u00fc\u00dfung<\/li>\n<li>Bericht Jugendleitung<\/li>\n<li>Bericht Schriftf\u00fchrer<\/li>\n<li>Bericht Kassier<\/li>\n<li>Aussprache \u00fcber die Berichte<\/li>\n<li>Ausblick auf kommende Termine<\/li>\n<li>Verschiedenes<\/li>\n<\/ul>\n<p>Gerne sind auch interessierte, \u201e\u00e4ltere\u201c Mitglieder des Musikvereins dazu eingeladen. Antr\u00e4ge und Vorschl\u00e4ge sind rechtzeitig zur Versammlung an ein Mitglied des Jugendteams zu richten.<\/p>\n","protected":false},"excerpt":{"rendered":"<p>Am 30.09.2022 findet um 18 Uhr die j\u00e4hrliche Hauptversammlung der Jugendkapelle und CMK des Musikvereins statt. Folgende Punkte sind auf der Agenda: Begr\u00fc\u00dfung Bericht Jugendleitung<\/p>\n","protected":false},"author":3,"featured_media":0,"comment_status":"closed","ping_status":"closed","sticky":false,"template":"","format":"standard","meta":{"footnotes":""},"categories":[2],"tags":[],"class_list":["post-1931","post","type-post","status-publish","format-standard","hentry","category-aktuelles"],"_links":{"self":[{"href":"https:\/\/www.musikverein-neuthard.de\/index.php\/wp-json\/wp\/v2\/posts\/1931","targetHints":{"allow":["GET"]}}],"collection":[{"href":"https:\/\/www.musikverein-neuthard.de\/index.php\/wp-json\/wp\/v2\/posts"}],"about":[{"href":"https:\/\/www.musikverein-neuthard.de\/index.php\/wp-json\/wp\/v2\/types\/post"}],"author":[{"embeddable":true,"href":"https:\/\/www.musikverein-neuthard.de\/index.php\/wp-json\/wp\/v2\/users\/3"}],"replies":[{"embeddable":true,"href":"https:\/\/www.musikverein-neuthard.de\/index.php\/wp-json\/wp\/v2\/comments?post=1931"}],"version-history":[{"count":2,"href":"https:\/\/www.musikverein-neuthard.de\/index.php\/wp-json\/wp\/v2\/posts\/1931\/revisions"}],"predecessor-version":[{"id":1948,"href":"https:\/\/www.musikverein-neuthard.de\/index.php\/wp-json\/wp\/v2\/posts\/1931\/revisions\/1948"}],"wp:attachment":[{"href":"https:\/\/www.musikverein-neuthard.de\/index.php\/wp-json\/wp\/v2\/media?parent=1931"}],"wp:term":[{"taxonomy":"category","embeddable":true,"href":"https:\/\/www.musikverein-neuthard.de\/index.php\/wp-json\/wp\/v2\/categories?post=1931"},{"taxonomy":"post_tag","embeddable":true,"href":"https:\/\/www.musikverein-neuthard.de\/index.php\/wp-json\/wp\/v2\/tags?post=1931"}],"curies":[{"name":"wp","href":"https:\/\/api.w.org\/{rel}","templated":true}]}}