{"id":1940,"date":"2022-09-27T21:53:43","date_gmt":"2022-09-27T19:53:43","guid":{"rendered":"https:\/\/www.musikverein-neuthard.de\/?p=1940"},"modified":"2022-09-27T21:57:53","modified_gmt":"2022-09-27T19:57:53","slug":"geburtstagsfeier-150-jahre-wolfgang-und-roland","status":"publish","type":"post","link":"https:\/\/www.musikverein-neuthard.de\/index.php\/2022\/09\/geburtstagsfeier-150-jahre-wolfgang-und-roland\/","title":{"rendered":"150 Jahre Wolfgang und Roland"},"content":{"rendered":"<p><a href=\"https:\/\/www.musikverein-neuthard.de\/wp-content\/uploads\/2022\/09\/2022-09_Gebtag150.jpg\"><img loading=\"lazy\" decoding=\"async\" class=\"alignnone size-full wp-image-1943\" src=\"https:\/\/www.musikverein-neuthard.de\/wp-content\/uploads\/2022\/09\/2022-09_Gebtag150.jpg\" alt=\"\" width=\"1600\" height=\"900\" srcset=\"https:\/\/www.musikverein-neuthard.de\/wp-content\/uploads\/2022\/09\/2022-09_Gebtag150.jpg 1600w, https:\/\/www.musikverein-neuthard.de\/wp-content\/uploads\/2022\/09\/2022-09_Gebtag150-300x169.jpg 300w, https:\/\/www.musikverein-neuthard.de\/wp-content\/uploads\/2022\/09\/2022-09_Gebtag150-1024x576.jpg 1024w, https:\/\/www.musikverein-neuthard.de\/wp-content\/uploads\/2022\/09\/2022-09_Gebtag150-768x432.jpg 768w, https:\/\/www.musikverein-neuthard.de\/wp-content\/uploads\/2022\/09\/2022-09_Gebtag150-1536x864.jpg 1536w\" sizes=\"auto, (max-width: 1600px) 100vw, 1600px\" \/><\/a><\/p>\n<p>Unser Ehrendirigent Wolfgang Wittke und unser \u00e4ltester aktiver Musiker Roland Bacher luden uns vergangenen Freitag nach einer verk\u00fcrzten Musikprobe zum Essen und Trinken ein. Beide feierten in den zur\u00fcckliegenden Monaten Ihre 75. Geburtstage und lie\u00dfen uns nun daran teilhaben.<\/p>\n<p>Nach einem St\u00e4ndchen feierten wir gemeinsam im Musikerheim und lie\u00dfen die Musikerfamilie wie in alten Zeiten hochleben. Besonders gefreut hat uns auch der Besuch von Kunibert und Walter.<\/p>\n<p>Ganz herzlichen Dank an Euch beide!<\/p>\n","protected":false},"excerpt":{"rendered":"<p>Unser Ehrendirigent Wolfgang Wittke und unser \u00e4ltester aktiver Musiker Roland Bacher luden uns vergangenen Freitag nach einer verk\u00fcrzten Musikprobe zum Essen und Trinken ein. Beide<\/p>\n","protected":false},"author":3,"featured_media":1943,"comment_status":"closed","ping_status":"closed","sticky":false,"template":"","format":"standard","meta":{"footnotes":""},"categories":[2],"tags":[],"class_list":["post-1940","post","type-post","status-publish","format-standard","has-post-thumbnail","hentry","category-aktuelles"],"_links":{"self":[{"href":"https:\/\/www.musikverein-neuthard.de\/index.php\/wp-json\/wp\/v2\/posts\/1940","targetHints":{"allow":["GET"]}}],"collection":[{"href":"https:\/\/www.musikverein-neuthard.de\/index.php\/wp-json\/wp\/v2\/posts"}],"about":[{"href":"https:\/\/www.musikverein-neuthard.de\/index.php\/wp-json\/wp\/v2\/types\/post"}],"author":[{"embeddable":true,"href":"https:\/\/www.musikverein-neuthard.de\/index.php\/wp-json\/wp\/v2\/users\/3"}],"replies":[{"embeddable":true,"href":"https:\/\/www.musikverein-neuthard.de\/index.php\/wp-json\/wp\/v2\/comments?post=1940"}],"version-history":[{"count":4,"href":"https:\/\/www.musikverein-neuthard.de\/index.php\/wp-json\/wp\/v2\/posts\/1940\/revisions"}],"predecessor-version":[{"id":1946,"href":"https:\/\/www.musikverein-neuthard.de\/index.php\/wp-json\/wp\/v2\/posts\/1940\/revisions\/1946"}],"wp:featuredmedia":[{"embeddable":true,"href":"https:\/\/www.musikverein-neuthard.de\/index.php\/wp-json\/wp\/v2\/media\/1943"}],"wp:attachment":[{"href":"https:\/\/www.musikverein-neuthard.de\/index.php\/wp-json\/wp\/v2\/media?parent=1940"}],"wp:term":[{"taxonomy":"category","embeddable":true,"href":"https:\/\/www.musikverein-neuthard.de\/index.php\/wp-json\/wp\/v2\/categories?post=1940"},{"taxonomy":"post_tag","embeddable":true,"href":"https:\/\/www.musikverein-neuthard.de\/index.php\/wp-json\/wp\/v2\/tags?post=1940"}],"curies":[{"name":"wp","href":"https:\/\/api.w.org\/{rel}","templated":true}]}}