{"id":1988,"date":"2022-10-20T23:33:28","date_gmt":"2022-10-20T21:33:28","guid":{"rendered":"https:\/\/www.musikverein-neuthard.de\/?p=1988"},"modified":"2022-10-20T23:34:34","modified_gmt":"2022-10-20T21:34:34","slug":"hallo-liebe-nfdler","status":"publish","type":"post","link":"https:\/\/www.musikverein-neuthard.de\/index.php\/2022\/10\/hallo-liebe-nfdler\/","title":{"rendered":"Hallo liebe NFDler!"},"content":{"rendered":"<p>Es ist endlich wieder mal so weit. Der Elferrat freut sich euch zu den kommenden zwei Events einladen zu d\u00fcrfen.<\/p>\n<p><strong>1. Faschingsbeginn am 11.11.<\/strong><\/p>\n<p>Hier werden wir traditionell um 22:11 Uhr im MVN (nach der Musikprobe) den Faschingsbeginn mit Essen und Trinken zusammen einl\u00e4uten.<\/p>\n<p><strong>2. NFD-Ausflug am 12.11.<\/strong><\/p>\n<p>Dieses Jahr planen wir eine Gemarkswanderung mit mehreren Erfrischungsstationen. Los geht\u2018s um 15 Uhr beim MVN. Das Ziel wird die Linde in Sp\u00f6ck sein, wo wir dann den Abend gemeinsam mit Essen und Getr\u00e4nken gem\u00fctlich ausklingen lassen. Wer nicht mitwandern kann aber trotzdem gerne dabei sein m\u00f6chte, kann sich um 17 Uhr in der Linde einfinden. F\u00fcr das Essen wird ein Unkostenbeitrag von 10 Euro eingesammelt. Bitte meldet euch bzw. tragt euch in die Liste ein ob ihr dabei seid, damit wir mit dem Essen besser planen k\u00f6nnen.<\/p>\n<p>Wir freuen uns auf eure Teilnahme,<br \/>\nEuer Elferrat<\/p>\n","protected":false},"excerpt":{"rendered":"<p>Es ist endlich wieder mal so weit. Der Elferrat freut sich euch zu den kommenden zwei Events einladen zu d\u00fcrfen. 1. Faschingsbeginn am 11.11. Hier<\/p>\n","protected":false},"author":3,"featured_media":0,"comment_status":"closed","ping_status":"closed","sticky":false,"template":"","format":"standard","meta":{"footnotes":""},"categories":[2],"tags":[],"class_list":["post-1988","post","type-post","status-publish","format-standard","hentry","category-aktuelles"],"_links":{"self":[{"href":"https:\/\/www.musikverein-neuthard.de\/index.php\/wp-json\/wp\/v2\/posts\/1988","targetHints":{"allow":["GET"]}}],"collection":[{"href":"https:\/\/www.musikverein-neuthard.de\/index.php\/wp-json\/wp\/v2\/posts"}],"about":[{"href":"https:\/\/www.musikverein-neuthard.de\/index.php\/wp-json\/wp\/v2\/types\/post"}],"author":[{"embeddable":true,"href":"https:\/\/www.musikverein-neuthard.de\/index.php\/wp-json\/wp\/v2\/users\/3"}],"replies":[{"embeddable":true,"href":"https:\/\/www.musikverein-neuthard.de\/index.php\/wp-json\/wp\/v2\/comments?post=1988"}],"version-history":[{"count":2,"href":"https:\/\/www.musikverein-neuthard.de\/index.php\/wp-json\/wp\/v2\/posts\/1988\/revisions"}],"predecessor-version":[{"id":1990,"href":"https:\/\/www.musikverein-neuthard.de\/index.php\/wp-json\/wp\/v2\/posts\/1988\/revisions\/1990"}],"wp:attachment":[{"href":"https:\/\/www.musikverein-neuthard.de\/index.php\/wp-json\/wp\/v2\/media?parent=1988"}],"wp:term":[{"taxonomy":"category","embeddable":true,"href":"https:\/\/www.musikverein-neuthard.de\/index.php\/wp-json\/wp\/v2\/categories?post=1988"},{"taxonomy":"post_tag","embeddable":true,"href":"https:\/\/www.musikverein-neuthard.de\/index.php\/wp-json\/wp\/v2\/tags?post=1988"}],"curies":[{"name":"wp","href":"https:\/\/api.w.org\/{rel}","templated":true}]}}