{"id":2027,"date":"2022-11-29T23:37:00","date_gmt":"2022-11-29T22:37:00","guid":{"rendered":"https:\/\/www.musikverein-neuthard.de\/?p=2027"},"modified":"2022-12-06T12:49:52","modified_gmt":"2022-12-06T11:49:52","slug":"gedenkgottesdienst-am-christkoenigssonntag","status":"publish","type":"post","link":"https:\/\/www.musikverein-neuthard.de\/index.php\/2022\/11\/gedenkgottesdienst-am-christkoenigssonntag\/","title":{"rendered":"Gedenkgottesdienst am Christk\u00f6nigssonntag"},"content":{"rendered":"<p><a href=\"https:\/\/www.musikverein-neuthard.de\/wp-content\/uploads\/2022\/11\/2022-11_Gedenkgottesdienst.jpg\"><img loading=\"lazy\" decoding=\"async\" class=\"alignnone size-large wp-image-2029\" src=\"https:\/\/www.musikverein-neuthard.de\/wp-content\/uploads\/2022\/11\/2022-11_Gedenkgottesdienst-1024x576.jpg\" alt=\"\" width=\"900\" height=\"506\" srcset=\"https:\/\/www.musikverein-neuthard.de\/wp-content\/uploads\/2022\/11\/2022-11_Gedenkgottesdienst-1024x576.jpg 1024w, https:\/\/www.musikverein-neuthard.de\/wp-content\/uploads\/2022\/11\/2022-11_Gedenkgottesdienst-300x169.jpg 300w, https:\/\/www.musikverein-neuthard.de\/wp-content\/uploads\/2022\/11\/2022-11_Gedenkgottesdienst-768x432.jpg 768w, https:\/\/www.musikverein-neuthard.de\/wp-content\/uploads\/2022\/11\/2022-11_Gedenkgottesdienst.jpg 1440w\" sizes=\"auto, (max-width: 900px) 100vw, 900px\" \/><\/a>Die Kirchenmusik ist etwas ganz Besonderes. Mit stimmungsvoll and\u00e4chtigen bis raumf\u00fcllend freudigen Kl\u00e4ngen bezauberten wir die Besucher des Gottesdienstes in der Kirche St. Sebastian am vergangenen Sonntag. Mit einem gro\u00dfen Orchester f\u00fcllten wir die Empore und musizierten im Andenken an unsere Verstorbenen. Gegen die klammen Temperaturen haben uns freundliche H\u00e4nde sogar kuschelige Decken bereit gelegt! Vergelt&#8217;s Gott!<\/p>\n<p>An dieser Stelle ganz herzlichen Dank an Pfarrer Dr. Forneck, der uns die Plattform geben hat, unseren verstorbenen Mitgliedern ein ehrenvolles Gedenken zu schaffen.<\/p>\n","protected":false},"excerpt":{"rendered":"<p>Die Kirchenmusik ist etwas ganz Besonderes. Mit stimmungsvoll and\u00e4chtigen bis raumf\u00fcllend freudigen Kl\u00e4ngen bezauberten wir die Besucher des Gottesdienstes in der Kirche St. Sebastian am<\/p>\n","protected":false},"author":3,"featured_media":2029,"comment_status":"closed","ping_status":"closed","sticky":false,"template":"","format":"standard","meta":{"footnotes":""},"categories":[2],"tags":[],"class_list":["post-2027","post","type-post","status-publish","format-standard","has-post-thumbnail","hentry","category-aktuelles"],"_links":{"self":[{"href":"https:\/\/www.musikverein-neuthard.de\/index.php\/wp-json\/wp\/v2\/posts\/2027","targetHints":{"allow":["GET"]}}],"collection":[{"href":"https:\/\/www.musikverein-neuthard.de\/index.php\/wp-json\/wp\/v2\/posts"}],"about":[{"href":"https:\/\/www.musikverein-neuthard.de\/index.php\/wp-json\/wp\/v2\/types\/post"}],"author":[{"embeddable":true,"href":"https:\/\/www.musikverein-neuthard.de\/index.php\/wp-json\/wp\/v2\/users\/3"}],"replies":[{"embeddable":true,"href":"https:\/\/www.musikverein-neuthard.de\/index.php\/wp-json\/wp\/v2\/comments?post=2027"}],"version-history":[{"count":2,"href":"https:\/\/www.musikverein-neuthard.de\/index.php\/wp-json\/wp\/v2\/posts\/2027\/revisions"}],"predecessor-version":[{"id":2038,"href":"https:\/\/www.musikverein-neuthard.de\/index.php\/wp-json\/wp\/v2\/posts\/2027\/revisions\/2038"}],"wp:featuredmedia":[{"embeddable":true,"href":"https:\/\/www.musikverein-neuthard.de\/index.php\/wp-json\/wp\/v2\/media\/2029"}],"wp:attachment":[{"href":"https:\/\/www.musikverein-neuthard.de\/index.php\/wp-json\/wp\/v2\/media?parent=2027"}],"wp:term":[{"taxonomy":"category","embeddable":true,"href":"https:\/\/www.musikverein-neuthard.de\/index.php\/wp-json\/wp\/v2\/categories?post=2027"},{"taxonomy":"post_tag","embeddable":true,"href":"https:\/\/www.musikverein-neuthard.de\/index.php\/wp-json\/wp\/v2\/tags?post=2027"}],"curies":[{"name":"wp","href":"https:\/\/api.w.org\/{rel}","templated":true}]}}