{"id":2054,"date":"2022-12-12T21:36:36","date_gmt":"2022-12-12T20:36:36","guid":{"rendered":"https:\/\/www.musikverein-neuthard.de\/?p=2054"},"modified":"2022-12-14T21:47:11","modified_gmt":"2022-12-14T20:47:11","slug":"weihnachtsfeier-mv-neuthard","status":"publish","type":"post","link":"https:\/\/www.musikverein-neuthard.de\/index.php\/2022\/12\/weihnachtsfeier-mv-neuthard\/","title":{"rendered":"Weihnachtsfeier MV Neuthard"},"content":{"rendered":"<p>Unsere erste \u201erichtige\u201d Weihnachtsfeier seit 2019 lockte im Vorfeld schon viele Zusagen an. Einfach beisammen sein und gemeinsam feiern war das Motto. Trotz einiger krankheitsbedingter Absagen fanden sich vergangenen Samstagabend weit \u00fcber 100 Mitglieder des Musikvereins zum gemeinsamen Feiern ein.<\/p>\n<p>Er\u00f6ffnet wurde die Weihnachtsparty von der Jugendkapelle. Diese hat es sich nicht nehmen lassen, nach der Generalprobe f\u00fcr das Kirchenkonzert flugs ins Musikerheim zu eilen und den Abend mit stimmungsvollen Weihnachtsliedern zu er\u00f6ffnen.<\/p>\n<p><a href=\"https:\/\/www.musikverein-neuthard.de\/wp-content\/uploads\/2022\/12\/2022-12_Weifei1.jpg\"><img loading=\"lazy\" decoding=\"async\" class=\"alignnone size-large wp-image-2060\" src=\"https:\/\/www.musikverein-neuthard.de\/wp-content\/uploads\/2022\/12\/2022-12_Weifei1-1024x682.jpg\" alt=\"\" width=\"900\" height=\"599\" srcset=\"https:\/\/www.musikverein-neuthard.de\/wp-content\/uploads\/2022\/12\/2022-12_Weifei1-1024x682.jpg 1024w, https:\/\/www.musikverein-neuthard.de\/wp-content\/uploads\/2022\/12\/2022-12_Weifei1-300x200.jpg 300w, https:\/\/www.musikverein-neuthard.de\/wp-content\/uploads\/2022\/12\/2022-12_Weifei1-768x512.jpg 768w, https:\/\/www.musikverein-neuthard.de\/wp-content\/uploads\/2022\/12\/2022-12_Weifei1-1536x1023.jpg 1536w, https:\/\/www.musikverein-neuthard.de\/wp-content\/uploads\/2022\/12\/2022-12_Weifei1.jpg 1600w\" sizes=\"auto, (max-width: 900px) 100vw, 900px\" \/><\/a><\/p>\n<p>Nach einem reichhaltigen Buffet wurden die Ehrungen der vergangenen Jahre durch Elke und Manuel nachgeholt. An dieser Stelle herzlichen Dank f\u00fcr die zahlreichen Salat- und Nachtischspenden. Es ist immer wieder sch\u00f6n, wie gut die Musikerfamilie zusammenarbeitet.<\/p>\n<p>Der offizielle Teil des Abends endete mit dem hei\u00df ersehnten Jahresr\u00fcckblick von Max. Dieser zeigte uns zum ersten Mal au\u00dferordentlich eindrucksvoll, wie unser Fr\u00fchjahrskonzert von der Zuschauerseite aus wirkt.<\/p>\n<p>Ein Dankesch\u00f6n an alle, die zum Gelingen dieser Feier beigetragen haben.<\/p>\n<p><a href=\"https:\/\/www.musikverein-neuthard.de\/wp-content\/uploads\/2022\/12\/2022-12_Weifei2.jpg\"><img loading=\"lazy\" decoding=\"async\" class=\"alignnone wp-image-2061 size-full\" src=\"https:\/\/www.musikverein-neuthard.de\/wp-content\/uploads\/2022\/12\/2022-12_Weifei2.jpg\" alt=\"\" width=\"938\" height=\"625\" srcset=\"https:\/\/www.musikverein-neuthard.de\/wp-content\/uploads\/2022\/12\/2022-12_Weifei2.jpg 938w, https:\/\/www.musikverein-neuthard.de\/wp-content\/uploads\/2022\/12\/2022-12_Weifei2-300x200.jpg 300w, https:\/\/www.musikverein-neuthard.de\/wp-content\/uploads\/2022\/12\/2022-12_Weifei2-768x512.jpg 768w\" sizes=\"auto, (max-width: 938px) 100vw, 938px\" \/><\/a><\/p>\n","protected":false},"excerpt":{"rendered":"<p>Unsere erste \u201erichtige\u201d Weihnachtsfeier seit 2019 lockte im Vorfeld schon viele Zusagen an. Einfach beisammen sein und gemeinsam feiern war das Motto. Trotz einiger krankheitsbedingter<\/p>\n","protected":false},"author":3,"featured_media":2061,"comment_status":"closed","ping_status":"closed","sticky":false,"template":"","format":"standard","meta":{"footnotes":""},"categories":[2],"tags":[],"class_list":["post-2054","post","type-post","status-publish","format-standard","has-post-thumbnail","hentry","category-aktuelles"],"_links":{"self":[{"href":"https:\/\/www.musikverein-neuthard.de\/index.php\/wp-json\/wp\/v2\/posts\/2054","targetHints":{"allow":["GET"]}}],"collection":[{"href":"https:\/\/www.musikverein-neuthard.de\/index.php\/wp-json\/wp\/v2\/posts"}],"about":[{"href":"https:\/\/www.musikverein-neuthard.de\/index.php\/wp-json\/wp\/v2\/types\/post"}],"author":[{"embeddable":true,"href":"https:\/\/www.musikverein-neuthard.de\/index.php\/wp-json\/wp\/v2\/users\/3"}],"replies":[{"embeddable":true,"href":"https:\/\/www.musikverein-neuthard.de\/index.php\/wp-json\/wp\/v2\/comments?post=2054"}],"version-history":[{"count":3,"href":"https:\/\/www.musikverein-neuthard.de\/index.php\/wp-json\/wp\/v2\/posts\/2054\/revisions"}],"predecessor-version":[{"id":2063,"href":"https:\/\/www.musikverein-neuthard.de\/index.php\/wp-json\/wp\/v2\/posts\/2054\/revisions\/2063"}],"wp:featuredmedia":[{"embeddable":true,"href":"https:\/\/www.musikverein-neuthard.de\/index.php\/wp-json\/wp\/v2\/media\/2061"}],"wp:attachment":[{"href":"https:\/\/www.musikverein-neuthard.de\/index.php\/wp-json\/wp\/v2\/media?parent=2054"}],"wp:term":[{"taxonomy":"category","embeddable":true,"href":"https:\/\/www.musikverein-neuthard.de\/index.php\/wp-json\/wp\/v2\/categories?post=2054"},{"taxonomy":"post_tag","embeddable":true,"href":"https:\/\/www.musikverein-neuthard.de\/index.php\/wp-json\/wp\/v2\/tags?post=2054"}],"curies":[{"name":"wp","href":"https:\/\/api.w.org\/{rel}","templated":true}]}}