{"id":2210,"date":"2023-03-14T00:17:25","date_gmt":"2023-03-13T23:17:25","guid":{"rendered":"https:\/\/www.musikverein-neuthard.de\/?p=2210"},"modified":"2023-03-15T22:18:44","modified_gmt":"2023-03-15T21:18:44","slug":"erfolgreiches-probenwochenende","status":"publish","type":"post","link":"https:\/\/www.musikverein-neuthard.de\/index.php\/2023\/03\/erfolgreiches-probenwochenende\/","title":{"rendered":"Erfolgreiches Probenwochenende"},"content":{"rendered":"<figure id=\"attachment_2215\" aria-describedby=\"caption-attachment-2215\" style=\"width: 900px\" class=\"wp-caption alignnone\"><a href=\"https:\/\/www.musikverein-neuthard.de\/wp-content\/uploads\/2023\/03\/2023-03_ProWo1.jpg\"><img loading=\"lazy\" decoding=\"async\" class=\"wp-image-2215 size-large\" src=\"https:\/\/www.musikverein-neuthard.de\/wp-content\/uploads\/2023\/03\/2023-03_ProWo1-1024x576.jpg\" alt=\"\" width=\"900\" height=\"506\" srcset=\"https:\/\/www.musikverein-neuthard.de\/wp-content\/uploads\/2023\/03\/2023-03_ProWo1-1024x576.jpg 1024w, https:\/\/www.musikverein-neuthard.de\/wp-content\/uploads\/2023\/03\/2023-03_ProWo1-300x169.jpg 300w, https:\/\/www.musikverein-neuthard.de\/wp-content\/uploads\/2023\/03\/2023-03_ProWo1-768x432.jpg 768w, https:\/\/www.musikverein-neuthard.de\/wp-content\/uploads\/2023\/03\/2023-03_ProWo1.jpg 1459w\" sizes=\"auto, (max-width: 900px) 100vw, 900px\" \/><\/a><figcaption id=\"caption-attachment-2215\" class=\"wp-caption-text\">Schullandheim Str\u00fcmpfelbrunn<\/figcaption><\/figure>\n<p>Mit gro\u00dfen Schritten naht unser Fr\u00fchjahrskonzert. Woran kann man das erkennen? Die Musikverein fliegt gew\u00f6hnlich im M\u00e4rz aus zum Probenwochenende in den Odenwald. Zum ersten Mal nach drei Jahren flogen wir wieder in Str\u00fcmpfelbrunn am sp\u00e4ten Freitagnachmittag ein, um ein trainingsreiches Wochenende zu starten. Zw\u00f6lf anstrengende Musikprobenstunden, f\u00fcnf gemeinsame Mahlzeiten, jede Menge Spa\u00df und Unterhaltung und zwei gemeinschaftlich verbrachte Abende sp\u00e4ter ging es am Sonntag nach dem Mittagessen wieder heimw\u00e4rts. Herzlichen Dank an alle f\u00fcr die konzentrierte Probenarbeit, an unseren Dirigenten f\u00fcr seine Geduld und besonders an Manuel f\u00fcr die hervorragende Organisation.<\/p>\n<p><a href=\"https:\/\/www.musikverein-neuthard.de\/wp-content\/uploads\/2023\/03\/2023-02_ProWoCol1-scaled.jpg\"><img loading=\"lazy\" decoding=\"async\" class=\"alignnone size-large wp-image-2217\" src=\"https:\/\/www.musikverein-neuthard.de\/wp-content\/uploads\/2023\/03\/2023-02_ProWoCol1-716x1024.jpg\" alt=\"\" width=\"716\" height=\"1024\" srcset=\"https:\/\/www.musikverein-neuthard.de\/wp-content\/uploads\/2023\/03\/2023-02_ProWoCol1-716x1024.jpg 716w, https:\/\/www.musikverein-neuthard.de\/wp-content\/uploads\/2023\/03\/2023-02_ProWoCol1-210x300.jpg 210w, https:\/\/www.musikverein-neuthard.de\/wp-content\/uploads\/2023\/03\/2023-02_ProWoCol1-768x1098.jpg 768w, https:\/\/www.musikverein-neuthard.de\/wp-content\/uploads\/2023\/03\/2023-02_ProWoCol1-1075x1536.jpg 1075w, https:\/\/www.musikverein-neuthard.de\/wp-content\/uploads\/2023\/03\/2023-02_ProWoCol1-1433x2048.jpg 1433w, https:\/\/www.musikverein-neuthard.de\/wp-content\/uploads\/2023\/03\/2023-02_ProWoCol1-scaled.jpg 1791w\" sizes=\"auto, (max-width: 716px) 100vw, 716px\" \/><\/a><\/p>\n<p><a href=\"https:\/\/www.musikverein-neuthard.de\/wp-content\/uploads\/2023\/03\/2023-02_ProWoCol2-scaled.jpg\"><img loading=\"lazy\" decoding=\"async\" class=\"alignnone size-large wp-image-2218\" src=\"https:\/\/www.musikverein-neuthard.de\/wp-content\/uploads\/2023\/03\/2023-02_ProWoCol2-747x1024.jpg\" alt=\"\" width=\"747\" height=\"1024\" srcset=\"https:\/\/www.musikverein-neuthard.de\/wp-content\/uploads\/2023\/03\/2023-02_ProWoCol2-747x1024.jpg 747w, https:\/\/www.musikverein-neuthard.de\/wp-content\/uploads\/2023\/03\/2023-02_ProWoCol2-219x300.jpg 219w, https:\/\/www.musikverein-neuthard.de\/wp-content\/uploads\/2023\/03\/2023-02_ProWoCol2-768x1052.jpg 768w, https:\/\/www.musikverein-neuthard.de\/wp-content\/uploads\/2023\/03\/2023-02_ProWoCol2-1121x1536.jpg 1121w, https:\/\/www.musikverein-neuthard.de\/wp-content\/uploads\/2023\/03\/2023-02_ProWoCol2-1495x2048.jpg 1495w, https:\/\/www.musikverein-neuthard.de\/wp-content\/uploads\/2023\/03\/2023-02_ProWoCol2-scaled.jpg 1869w\" sizes=\"auto, (max-width: 747px) 100vw, 747px\" \/><\/a><\/p>\n","protected":false},"excerpt":{"rendered":"<p>Mit gro\u00dfen Schritten naht unser Fr\u00fchjahrskonzert. Woran kann man das erkennen? Die Musikverein fliegt gew\u00f6hnlich im M\u00e4rz aus zum Probenwochenende in den Odenwald. Zum ersten<\/p>\n","protected":false},"author":3,"featured_media":2215,"comment_status":"closed","ping_status":"closed","sticky":false,"template":"","format":"standard","meta":{"footnotes":""},"categories":[2],"tags":[],"class_list":["post-2210","post","type-post","status-publish","format-standard","has-post-thumbnail","hentry","category-aktuelles"],"_links":{"self":[{"href":"https:\/\/www.musikverein-neuthard.de\/index.php\/wp-json\/wp\/v2\/posts\/2210","targetHints":{"allow":["GET"]}}],"collection":[{"href":"https:\/\/www.musikverein-neuthard.de\/index.php\/wp-json\/wp\/v2\/posts"}],"about":[{"href":"https:\/\/www.musikverein-neuthard.de\/index.php\/wp-json\/wp\/v2\/types\/post"}],"author":[{"embeddable":true,"href":"https:\/\/www.musikverein-neuthard.de\/index.php\/wp-json\/wp\/v2\/users\/3"}],"replies":[{"embeddable":true,"href":"https:\/\/www.musikverein-neuthard.de\/index.php\/wp-json\/wp\/v2\/comments?post=2210"}],"version-history":[{"count":3,"href":"https:\/\/www.musikverein-neuthard.de\/index.php\/wp-json\/wp\/v2\/posts\/2210\/revisions"}],"predecessor-version":[{"id":2219,"href":"https:\/\/www.musikverein-neuthard.de\/index.php\/wp-json\/wp\/v2\/posts\/2210\/revisions\/2219"}],"wp:featuredmedia":[{"embeddable":true,"href":"https:\/\/www.musikverein-neuthard.de\/index.php\/wp-json\/wp\/v2\/media\/2215"}],"wp:attachment":[{"href":"https:\/\/www.musikverein-neuthard.de\/index.php\/wp-json\/wp\/v2\/media?parent=2210"}],"wp:term":[{"taxonomy":"category","embeddable":true,"href":"https:\/\/www.musikverein-neuthard.de\/index.php\/wp-json\/wp\/v2\/categories?post=2210"},{"taxonomy":"post_tag","embeddable":true,"href":"https:\/\/www.musikverein-neuthard.de\/index.php\/wp-json\/wp\/v2\/tags?post=2210"}],"curies":[{"name":"wp","href":"https:\/\/api.w.org\/{rel}","templated":true}]}}