{"id":2220,"date":"2023-03-15T22:24:11","date_gmt":"2023-03-15T21:24:11","guid":{"rendered":"https:\/\/www.musikverein-neuthard.de\/?p=2220"},"modified":"2023-03-15T22:24:11","modified_gmt":"2023-03-15T21:24:11","slug":"jugendkapelle-in-concert","status":"publish","type":"post","link":"https:\/\/www.musikverein-neuthard.de\/index.php\/2023\/03\/jugendkapelle-in-concert\/","title":{"rendered":"Jugendkapelle in Concert"},"content":{"rendered":"<p><a href=\"https:\/\/www.musikverein-neuthard.de\/wp-content\/uploads\/2023\/03\/2023-03_KonzertvorbereitungJgd.jpg\"><img loading=\"lazy\" decoding=\"async\" class=\"alignnone size-large wp-image-2221\" src=\"https:\/\/www.musikverein-neuthard.de\/wp-content\/uploads\/2023\/03\/2023-03_KonzertvorbereitungJgd-1024x576.jpg\" alt=\"\" width=\"900\" height=\"506\" srcset=\"https:\/\/www.musikverein-neuthard.de\/wp-content\/uploads\/2023\/03\/2023-03_KonzertvorbereitungJgd-1024x576.jpg 1024w, https:\/\/www.musikverein-neuthard.de\/wp-content\/uploads\/2023\/03\/2023-03_KonzertvorbereitungJgd-300x169.jpg 300w, https:\/\/www.musikverein-neuthard.de\/wp-content\/uploads\/2023\/03\/2023-03_KonzertvorbereitungJgd-768x432.jpg 768w, https:\/\/www.musikverein-neuthard.de\/wp-content\/uploads\/2023\/03\/2023-03_KonzertvorbereitungJgd-1536x864.jpg 1536w, https:\/\/www.musikverein-neuthard.de\/wp-content\/uploads\/2023\/03\/2023-03_KonzertvorbereitungJgd.jpg 1600w\" sizes=\"auto, (max-width: 900px) 100vw, 900px\" \/><\/a><\/p>\n<p>Auch wir sind beim Fr\u00fchjahrskonzert mit von der Partie! Mit galaktischen Kl\u00e4ngen verzaubern wir Euch und nehmen Euch mit auf eine Reise durch Raum und Zeit. Unter der Leitung von Markus pr\u00e4sentieren wir einen bunten Mix von Musikst\u00fccken aus verschiedenen Genre. Wir freuen uns auf Euer Kommen.<\/p>\n","protected":false},"excerpt":{"rendered":"<p>Auch wir sind beim Fr\u00fchjahrskonzert mit von der Partie! Mit galaktischen Kl\u00e4ngen verzaubern wir Euch und nehmen Euch mit auf eine Reise durch Raum und<\/p>\n","protected":false},"author":3,"featured_media":2221,"comment_status":"closed","ping_status":"closed","sticky":false,"template":"","format":"standard","meta":{"footnotes":""},"categories":[2],"tags":[],"class_list":["post-2220","post","type-post","status-publish","format-standard","has-post-thumbnail","hentry","category-aktuelles"],"_links":{"self":[{"href":"https:\/\/www.musikverein-neuthard.de\/index.php\/wp-json\/wp\/v2\/posts\/2220","targetHints":{"allow":["GET"]}}],"collection":[{"href":"https:\/\/www.musikverein-neuthard.de\/index.php\/wp-json\/wp\/v2\/posts"}],"about":[{"href":"https:\/\/www.musikverein-neuthard.de\/index.php\/wp-json\/wp\/v2\/types\/post"}],"author":[{"embeddable":true,"href":"https:\/\/www.musikverein-neuthard.de\/index.php\/wp-json\/wp\/v2\/users\/3"}],"replies":[{"embeddable":true,"href":"https:\/\/www.musikverein-neuthard.de\/index.php\/wp-json\/wp\/v2\/comments?post=2220"}],"version-history":[{"count":1,"href":"https:\/\/www.musikverein-neuthard.de\/index.php\/wp-json\/wp\/v2\/posts\/2220\/revisions"}],"predecessor-version":[{"id":2222,"href":"https:\/\/www.musikverein-neuthard.de\/index.php\/wp-json\/wp\/v2\/posts\/2220\/revisions\/2222"}],"wp:featuredmedia":[{"embeddable":true,"href":"https:\/\/www.musikverein-neuthard.de\/index.php\/wp-json\/wp\/v2\/media\/2221"}],"wp:attachment":[{"href":"https:\/\/www.musikverein-neuthard.de\/index.php\/wp-json\/wp\/v2\/media?parent=2220"}],"wp:term":[{"taxonomy":"category","embeddable":true,"href":"https:\/\/www.musikverein-neuthard.de\/index.php\/wp-json\/wp\/v2\/categories?post=2220"},{"taxonomy":"post_tag","embeddable":true,"href":"https:\/\/www.musikverein-neuthard.de\/index.php\/wp-json\/wp\/v2\/tags?post=2220"}],"curies":[{"name":"wp","href":"https:\/\/api.w.org\/{rel}","templated":true}]}}