{"id":2223,"date":"2023-03-15T22:26:57","date_gmt":"2023-03-15T21:26:57","guid":{"rendered":"https:\/\/www.musikverein-neuthard.de\/?p=2223"},"modified":"2023-04-26T21:24:12","modified_gmt":"2023-04-26T19:24:12","slug":"neue-kurse-ab-september-2023","status":"publish","type":"post","link":"https:\/\/www.musikverein-neuthard.de\/index.php\/2023\/03\/neue-kurse-ab-september-2023\/","title":{"rendered":"Neue Kurse ab September 2023"},"content":{"rendered":"<h2>Neue Fl\u00f6tenkurse<\/h2>\n<p>Ihr seid 6 Jahre und m\u00f6chtet gerne ein Instrument lernen?<\/p>\n<p>Dann ist Unterricht mit der Fl\u00f6te genau der richtige Start daf\u00fcr. Ab September beginnen die neuen Kurse. Hier wird bereits Erlerntes (z.B. in der musikalischen Fr\u00fcherziehung) erweitert und auf dem vorhandenen Wissen aufgebaut. Rhythmik, Geh\u00f6rbildung, musikalische Kenntnisse sowie das gemeinsame Musizieren werden hier mit Hilfe der Fl\u00f6te spielerisch erlernt. Selbstverst\u00e4ndlich sind auch Kinder ohne musikalische Vorkenntnisse herzlich willkommen.<\/p>\n<h2>Musikalische Fr\u00fcherziehung<\/h2>\n<p>Mit Spa\u00df und Spiel der Musik n\u00e4herkommen!<\/p>\n<p>Spielerisch gelangen Kinder am besten zur Entfaltung ihrer musikalischen und sozialen F\u00e4higkeiten, zur Ausbildung des H\u00f6rens, des Sehens und der rhythmischen Bewegung, zum Erleben von Form und Farbe, Sprache und Klang. Wir bieten jedes Jahr ab September eine zweij\u00e4hrige musikalische Fr\u00fcherziehung f\u00fcr Kinder ab 4 Jahren.<\/p>\n<p>&nbsp;<\/p>\n<p>Anmeldung: Judith Duhn, Tel: 0173 3414 088<br \/>\n<strong>Anmeldeschluss: 01.06.2023<\/strong><\/p>\n","protected":false},"excerpt":{"rendered":"<p>Neue Fl\u00f6tenkurse Ihr seid 6 Jahre und m\u00f6chtet gerne ein Instrument lernen? Dann ist Unterricht mit der Fl\u00f6te genau der richtige Start daf\u00fcr. Ab September<\/p>\n","protected":false},"author":3,"featured_media":0,"comment_status":"closed","ping_status":"closed","sticky":false,"template":"","format":"standard","meta":{"footnotes":""},"categories":[2],"tags":[],"class_list":["post-2223","post","type-post","status-publish","format-standard","hentry","category-aktuelles"],"_links":{"self":[{"href":"https:\/\/www.musikverein-neuthard.de\/index.php\/wp-json\/wp\/v2\/posts\/2223","targetHints":{"allow":["GET"]}}],"collection":[{"href":"https:\/\/www.musikverein-neuthard.de\/index.php\/wp-json\/wp\/v2\/posts"}],"about":[{"href":"https:\/\/www.musikverein-neuthard.de\/index.php\/wp-json\/wp\/v2\/types\/post"}],"author":[{"embeddable":true,"href":"https:\/\/www.musikverein-neuthard.de\/index.php\/wp-json\/wp\/v2\/users\/3"}],"replies":[{"embeddable":true,"href":"https:\/\/www.musikverein-neuthard.de\/index.php\/wp-json\/wp\/v2\/comments?post=2223"}],"version-history":[{"count":1,"href":"https:\/\/www.musikverein-neuthard.de\/index.php\/wp-json\/wp\/v2\/posts\/2223\/revisions"}],"predecessor-version":[{"id":2224,"href":"https:\/\/www.musikverein-neuthard.de\/index.php\/wp-json\/wp\/v2\/posts\/2223\/revisions\/2224"}],"wp:attachment":[{"href":"https:\/\/www.musikverein-neuthard.de\/index.php\/wp-json\/wp\/v2\/media?parent=2223"}],"wp:term":[{"taxonomy":"category","embeddable":true,"href":"https:\/\/www.musikverein-neuthard.de\/index.php\/wp-json\/wp\/v2\/categories?post=2223"},{"taxonomy":"post_tag","embeddable":true,"href":"https:\/\/www.musikverein-neuthard.de\/index.php\/wp-json\/wp\/v2\/tags?post=2223"}],"curies":[{"name":"wp","href":"https:\/\/api.w.org\/{rel}","templated":true}]}}