{"id":2249,"date":"2023-04-08T15:34:05","date_gmt":"2023-04-08T13:34:05","guid":{"rendered":"https:\/\/www.musikverein-neuthard.de\/?p=2249"},"modified":"2023-04-12T00:18:45","modified_gmt":"2023-04-11T22:18:45","slug":"jugend-beim-fruehjahrskonzert","status":"publish","type":"post","link":"https:\/\/www.musikverein-neuthard.de\/index.php\/2023\/04\/jugend-beim-fruehjahrskonzert\/","title":{"rendered":"Jugend beim Fr\u00fchjahrskonzert"},"content":{"rendered":"<p>Beim diesj\u00e4hrigen Fr\u00fchjahrskonzert mit dem Motto &#8222;Mit Musik durch Raum und Zeit&#8220; begab sich das Nachwuchsorchester des Musikvereins Neuthard, bestehend aus dem Jugendorchester und den Cool Music Kids, in die unendlichen Weiten des Universums. Dank zahlreicher Proben gelang es dem Dirigenten Markus Heneka, ein Konzertprogramm zu erarbeiten, das am Abend des 1. Aprils zu einem vollen Erfolg wurde.<br \/>\nNachdem das 1. Orchester die Zuschauer mit auf die Reise von der heimischen Erde in das Weltall genommen hatte, erkundete die j\u00fcngere Weltraumcrew direkt im Anschluss mit dem St\u00fcck \u201eSpace Journey\u201c das neue Universum. Als zweites St\u00fcck wurde \u201eTheme from Star Trek\u201c zum Besten gegeben, das von Alexander Courage f\u00fcr die Science-Fiction Fernsehserie Star Trek komponiert wurde. Mit dem Raumschiff ging es weiter in das Star Wars Universum, von dem das St\u00fcck \u201eRey\u00b4s Theme\u201c aus dem Teil \u201eDas Erwachen der Macht\u201c vorgestellt wurde.<\/p>\n<p>Im Winter wurde der Musikverein von einem traurigen Ereignis \u00fcberschattet. Zur Erinnerung wurde das Lieblingsst\u00fcck \u00a0\u201eTears in heaven\u201c gespielt. Das Nachwuchsorchester wurde hierbei von ehemaligen Spielern des Jugendorchesters musikalisch unterst\u00fctzt und mit Stefans Gesang begleitet.<\/p>\n<p>Daraufhin wurde die Erkundungstour fortgesetzt. Die letzte Station des Raumschiffs war der Planet Mars. Der rote Planet ist nach dem r\u00f6mischen Kriegsgott benannt, dessen Aggressivit\u00e4t und Wut in dem St\u00fcck \u201eMars\u201c von Gustav Holst eindrucksvoll dargestellt wurde. Anschlie\u00dfend wurden die jungen Musikerinnen und Musiker vom Publikum mit einem gro\u00dfen Applaus belohnt.<\/p>\n<p>Vielen Dank daf\u00fcr und wir freuen uns schon aufs n\u00e4chste Mal.<\/p>\n<p style=\"text-align: right;\"><em>SK<\/em><\/p>\n<p><a href=\"https:\/\/www.musikverein-neuthard.de\/wp-content\/uploads\/2023\/04\/2023-04_KonzertJgd.jpg\"><img loading=\"lazy\" decoding=\"async\" class=\"alignnone size-large wp-image-2251\" src=\"https:\/\/www.musikverein-neuthard.de\/wp-content\/uploads\/2023\/04\/2023-04_KonzertJgd-768x1024.jpg\" alt=\"\" width=\"768\" height=\"1024\" srcset=\"https:\/\/www.musikverein-neuthard.de\/wp-content\/uploads\/2023\/04\/2023-04_KonzertJgd-768x1024.jpg 768w, https:\/\/www.musikverein-neuthard.de\/wp-content\/uploads\/2023\/04\/2023-04_KonzertJgd-225x300.jpg 225w, https:\/\/www.musikverein-neuthard.de\/wp-content\/uploads\/2023\/04\/2023-04_KonzertJgd-1152x1536.jpg 1152w, https:\/\/www.musikverein-neuthard.de\/wp-content\/uploads\/2023\/04\/2023-04_KonzertJgd.jpg 1200w\" sizes=\"auto, (max-width: 768px) 100vw, 768px\" \/><\/a><\/p>\n","protected":false},"excerpt":{"rendered":"<p>Beim diesj\u00e4hrigen Fr\u00fchjahrskonzert mit dem Motto &#8222;Mit Musik durch Raum und Zeit&#8220; begab sich das Nachwuchsorchester des Musikvereins Neuthard, bestehend aus dem Jugendorchester und den<\/p>\n","protected":false},"author":3,"featured_media":2250,"comment_status":"closed","ping_status":"closed","sticky":false,"template":"","format":"standard","meta":{"footnotes":""},"categories":[2],"tags":[],"class_list":["post-2249","post","type-post","status-publish","format-standard","has-post-thumbnail","hentry","category-aktuelles"],"_links":{"self":[{"href":"https:\/\/www.musikverein-neuthard.de\/index.php\/wp-json\/wp\/v2\/posts\/2249","targetHints":{"allow":["GET"]}}],"collection":[{"href":"https:\/\/www.musikverein-neuthard.de\/index.php\/wp-json\/wp\/v2\/posts"}],"about":[{"href":"https:\/\/www.musikverein-neuthard.de\/index.php\/wp-json\/wp\/v2\/types\/post"}],"author":[{"embeddable":true,"href":"https:\/\/www.musikverein-neuthard.de\/index.php\/wp-json\/wp\/v2\/users\/3"}],"replies":[{"embeddable":true,"href":"https:\/\/www.musikverein-neuthard.de\/index.php\/wp-json\/wp\/v2\/comments?post=2249"}],"version-history":[{"count":2,"href":"https:\/\/www.musikverein-neuthard.de\/index.php\/wp-json\/wp\/v2\/posts\/2249\/revisions"}],"predecessor-version":[{"id":2269,"href":"https:\/\/www.musikverein-neuthard.de\/index.php\/wp-json\/wp\/v2\/posts\/2249\/revisions\/2269"}],"wp:featuredmedia":[{"embeddable":true,"href":"https:\/\/www.musikverein-neuthard.de\/index.php\/wp-json\/wp\/v2\/media\/2250"}],"wp:attachment":[{"href":"https:\/\/www.musikverein-neuthard.de\/index.php\/wp-json\/wp\/v2\/media?parent=2249"}],"wp:term":[{"taxonomy":"category","embeddable":true,"href":"https:\/\/www.musikverein-neuthard.de\/index.php\/wp-json\/wp\/v2\/categories?post=2249"},{"taxonomy":"post_tag","embeddable":true,"href":"https:\/\/www.musikverein-neuthard.de\/index.php\/wp-json\/wp\/v2\/tags?post=2249"}],"curies":[{"name":"wp","href":"https:\/\/api.w.org\/{rel}","templated":true}]}}