{"id":2297,"date":"2023-04-26T21:54:15","date_gmt":"2023-04-26T19:54:15","guid":{"rendered":"https:\/\/www.musikverein-neuthard.de\/?p=2297"},"modified":"2023-04-26T21:56:54","modified_gmt":"2023-04-26T19:56:54","slug":"eine-aera-geht-zu-ende-teil-2","status":"publish","type":"post","link":"https:\/\/www.musikverein-neuthard.de\/index.php\/2023\/04\/eine-aera-geht-zu-ende-teil-2\/","title":{"rendered":"Eine \u00c4ra ging zu Ende (Teil 2)"},"content":{"rendered":"<p><a href=\"https:\/\/www.musikverein-neuthard.de\/wp-content\/uploads\/2023\/04\/2023-04_GV4.jpg\"><img loading=\"lazy\" decoding=\"async\" class=\"alignnone size-large wp-image-2300\" src=\"https:\/\/www.musikverein-neuthard.de\/wp-content\/uploads\/2023\/04\/2023-04_GV4-1024x576.jpg\" alt=\"\" width=\"900\" height=\"506\" srcset=\"https:\/\/www.musikverein-neuthard.de\/wp-content\/uploads\/2023\/04\/2023-04_GV4-1024x576.jpg 1024w, https:\/\/www.musikverein-neuthard.de\/wp-content\/uploads\/2023\/04\/2023-04_GV4-300x169.jpg 300w, https:\/\/www.musikverein-neuthard.de\/wp-content\/uploads\/2023\/04\/2023-04_GV4-768x432.jpg 768w, https:\/\/www.musikverein-neuthard.de\/wp-content\/uploads\/2023\/04\/2023-04_GV4-1536x864.jpg 1536w, https:\/\/www.musikverein-neuthard.de\/wp-content\/uploads\/2023\/04\/2023-04_GV4.jpg 1600w\" sizes=\"auto, (max-width: 900px) 100vw, 900px\" \/><\/a><\/p>\n<p>Die Kassenpr\u00fcfung wurde erfolgreich durch Roland Krieger und Theo Holzer durchgef\u00fchrt. Eine Entlastung erfolgte umgehend.<\/p>\n<p>Siegmund Sch\u00e4fer (wurde zum Ehrenmitglied ernannt) stellte den Antrag auf Entlastung der Verwaltung. Dies erfolgte umgehend. Im Anschluss wurden die Neuwahlen durchgef\u00fchrt.\u00a0Einstimmig gew\u00e4hlt wurden nachfolgende Personen per Handzeichen:<\/p>\n<p>1. Vorsitzender: Oliver Sch\u00e4fer<br \/>\n2. Vorsitzende: Ilka Burkhard<br \/>\n2. Vorsitzender\/Musikervorstand: Manuel Bohn<br \/>\nKassenpr\u00fcfer: Roland Krieger &amp; Theo Holzer<\/p>\n<p>Als Beisitzer wurden gew\u00e4hlt:<\/p>\n<p>Ressort 1: Michael Gei\u00dfler, Marion Graf, Maximilian Baumg\u00e4rtner, Stefan Kistner, Martin Bellm &amp; Tobias Baumg\u00e4rtner<br \/>\nRessort 2: Siegfried Baumg\u00e4rtner, Ralph Sch\u00e4fer, Tobias Mahler &amp; Ann-Katrin Krieger<br \/>\nRessort 3: Daniela Baumg\u00e4rtner, Elke Kratschmann,Kathi Ell, Marcel Kratschmann &amp; Simon Bl\u00fcmle<\/p>\n<p>Aus der Verwaltung ausgetreten ist Roland Bacher nach insgesamt 37 Jahre Verwaltung, 12 Jahre 1. Vorstand, 5 Jahre Schriftf\u00fchrer und 12 Jahre Beisitzer und zus\u00e4tzlich 20 Jahre 1. Vorsitzender des F\u00f6rdervereins des MVNs. Ebenfalls ausgetreten ist Daniel M\u00fcnch nach 8 Jahren Verwaltungsrat.<\/p>\n<p>Als neuer Vorstand fand Oliver Sch\u00e4fer sehr herzliche Worte f\u00fcr seine Vorg\u00e4ngerin Elke Kratschmann. Er beleuchtete die 18 Jahre ihrer Vorstandschaft und ihre Erfolge: das 90-j\u00e4hrige Jubil\u00e4um, zahlreiche Sommer- und Dorffeste, das \u00dcberstehen der 2-j\u00e4hrigen Pandemie mit dem Ausfall der umfangreich geplanten 100-j\u00e4hrigen Jubil\u00e4umsjahres.<\/p>\n<p><a href=\"https:\/\/www.musikverein-neuthard.de\/wp-content\/uploads\/2023\/04\/2023-04_GV5.jpg\"><img loading=\"lazy\" decoding=\"async\" class=\"alignnone size-large wp-image-2301\" src=\"https:\/\/www.musikverein-neuthard.de\/wp-content\/uploads\/2023\/04\/2023-04_GV5-768x1024.jpg\" alt=\"\" width=\"768\" height=\"1024\" srcset=\"https:\/\/www.musikverein-neuthard.de\/wp-content\/uploads\/2023\/04\/2023-04_GV5-768x1024.jpg 768w, https:\/\/www.musikverein-neuthard.de\/wp-content\/uploads\/2023\/04\/2023-04_GV5-225x300.jpg 225w, https:\/\/www.musikverein-neuthard.de\/wp-content\/uploads\/2023\/04\/2023-04_GV5.jpg 900w\" sizes=\"auto, (max-width: 768px) 100vw, 768px\" \/><\/a><\/p>\n<p>In diesem Zug bedankte sich Oliver bei Manfred Kratschmann f\u00fcr seinen unerm\u00fcdlichen Einsatz f\u00fcr den Verein und in der Unterst\u00fctzung seiner Frau.<\/p>\n<p>B\u00fcrgermeister Sven Weigt zeichnete Elke mit den Ehrenteller der Gemeinde aus und w\u00fcrdigte sie im Zusammenf\u00fchren der Generationen im MVN.<\/p>\n","protected":false},"excerpt":{"rendered":"<p>Die Kassenpr\u00fcfung wurde erfolgreich durch Roland Krieger und Theo Holzer durchgef\u00fchrt. Eine Entlastung erfolgte umgehend. Siegmund Sch\u00e4fer (wurde zum Ehrenmitglied ernannt) stellte den Antrag auf<\/p>\n","protected":false},"author":3,"featured_media":2300,"comment_status":"closed","ping_status":"closed","sticky":false,"template":"","format":"standard","meta":{"footnotes":""},"categories":[2],"tags":[],"class_list":["post-2297","post","type-post","status-publish","format-standard","has-post-thumbnail","hentry","category-aktuelles"],"_links":{"self":[{"href":"https:\/\/www.musikverein-neuthard.de\/index.php\/wp-json\/wp\/v2\/posts\/2297","targetHints":{"allow":["GET"]}}],"collection":[{"href":"https:\/\/www.musikverein-neuthard.de\/index.php\/wp-json\/wp\/v2\/posts"}],"about":[{"href":"https:\/\/www.musikverein-neuthard.de\/index.php\/wp-json\/wp\/v2\/types\/post"}],"author":[{"embeddable":true,"href":"https:\/\/www.musikverein-neuthard.de\/index.php\/wp-json\/wp\/v2\/users\/3"}],"replies":[{"embeddable":true,"href":"https:\/\/www.musikverein-neuthard.de\/index.php\/wp-json\/wp\/v2\/comments?post=2297"}],"version-history":[{"count":5,"href":"https:\/\/www.musikverein-neuthard.de\/index.php\/wp-json\/wp\/v2\/posts\/2297\/revisions"}],"predecessor-version":[{"id":2305,"href":"https:\/\/www.musikverein-neuthard.de\/index.php\/wp-json\/wp\/v2\/posts\/2297\/revisions\/2305"}],"wp:featuredmedia":[{"embeddable":true,"href":"https:\/\/www.musikverein-neuthard.de\/index.php\/wp-json\/wp\/v2\/media\/2300"}],"wp:attachment":[{"href":"https:\/\/www.musikverein-neuthard.de\/index.php\/wp-json\/wp\/v2\/media?parent=2297"}],"wp:term":[{"taxonomy":"category","embeddable":true,"href":"https:\/\/www.musikverein-neuthard.de\/index.php\/wp-json\/wp\/v2\/categories?post=2297"},{"taxonomy":"post_tag","embeddable":true,"href":"https:\/\/www.musikverein-neuthard.de\/index.php\/wp-json\/wp\/v2\/tags?post=2297"}],"curies":[{"name":"wp","href":"https:\/\/api.w.org\/{rel}","templated":true}]}}