{"id":2324,"date":"2023-05-08T18:38:48","date_gmt":"2023-05-08T16:38:48","guid":{"rendered":"https:\/\/www.musikverein-neuthard.de\/?p=2324"},"modified":"2023-05-08T18:39:15","modified_gmt":"2023-05-08T16:39:15","slug":"vatertagsfest-der-nfd-2","status":"publish","type":"post","link":"https:\/\/www.musikverein-neuthard.de\/index.php\/2023\/05\/vatertagsfest-der-nfd-2\/","title":{"rendered":"Vatertagsfest der NFD"},"content":{"rendered":"<p><a href=\"https:\/\/www.musikverein-neuthard.de\/wp-content\/uploads\/2023\/05\/Vatertagsfest_2023_Flyer.jpg\"><img loading=\"lazy\" decoding=\"async\" class=\"alignnone size-full wp-image-2325\" src=\"https:\/\/www.musikverein-neuthard.de\/wp-content\/uploads\/2023\/05\/Vatertagsfest_2023_Flyer.jpg\" alt=\"\" width=\"595\" height=\"842\" srcset=\"https:\/\/www.musikverein-neuthard.de\/wp-content\/uploads\/2023\/05\/Vatertagsfest_2023_Flyer.jpg 595w, https:\/\/www.musikverein-neuthard.de\/wp-content\/uploads\/2023\/05\/Vatertagsfest_2023_Flyer-212x300.jpg 212w\" sizes=\"auto, (max-width: 595px) 100vw, 595px\" \/><\/a><\/p>\n<p>Am 18. Mai l\u00e4dt der Elferrat recht herzlich zum traditionellen Vatertagsfest der NFD ein. Los geht\u2019s um 11:11 Uhr beim Musikheim. Mit diesem Fest m\u00f6chte sich der Elferrat recht herzlich bei allen aktiven NFD\u2019lern, Freunden und G\u00f6nnern f\u00fcr die gro\u00dfartige Unterst\u00fctzung und das Mitwirken bei der Faschingskampagne bedanken. F\u00fcr Essen und Trinken ist wie immer bestens gesorgt. Wir freuen uns auf Euch!<\/p>\n<p>Euer Elferrat<\/p>\n","protected":false},"excerpt":{"rendered":"<p>Am 18. Mai l\u00e4dt der Elferrat recht herzlich zum traditionellen Vatertagsfest der NFD ein. Los geht\u2019s um 11:11 Uhr beim Musikheim. Mit diesem Fest m\u00f6chte<\/p>\n","protected":false},"author":3,"featured_media":0,"comment_status":"closed","ping_status":"closed","sticky":false,"template":"","format":"standard","meta":{"footnotes":""},"categories":[2],"tags":[],"class_list":["post-2324","post","type-post","status-publish","format-standard","hentry","category-aktuelles"],"_links":{"self":[{"href":"https:\/\/www.musikverein-neuthard.de\/index.php\/wp-json\/wp\/v2\/posts\/2324","targetHints":{"allow":["GET"]}}],"collection":[{"href":"https:\/\/www.musikverein-neuthard.de\/index.php\/wp-json\/wp\/v2\/posts"}],"about":[{"href":"https:\/\/www.musikverein-neuthard.de\/index.php\/wp-json\/wp\/v2\/types\/post"}],"author":[{"embeddable":true,"href":"https:\/\/www.musikverein-neuthard.de\/index.php\/wp-json\/wp\/v2\/users\/3"}],"replies":[{"embeddable":true,"href":"https:\/\/www.musikverein-neuthard.de\/index.php\/wp-json\/wp\/v2\/comments?post=2324"}],"version-history":[{"count":1,"href":"https:\/\/www.musikverein-neuthard.de\/index.php\/wp-json\/wp\/v2\/posts\/2324\/revisions"}],"predecessor-version":[{"id":2326,"href":"https:\/\/www.musikverein-neuthard.de\/index.php\/wp-json\/wp\/v2\/posts\/2324\/revisions\/2326"}],"wp:attachment":[{"href":"https:\/\/www.musikverein-neuthard.de\/index.php\/wp-json\/wp\/v2\/media?parent=2324"}],"wp:term":[{"taxonomy":"category","embeddable":true,"href":"https:\/\/www.musikverein-neuthard.de\/index.php\/wp-json\/wp\/v2\/categories?post=2324"},{"taxonomy":"post_tag","embeddable":true,"href":"https:\/\/www.musikverein-neuthard.de\/index.php\/wp-json\/wp\/v2\/tags?post=2324"}],"curies":[{"name":"wp","href":"https:\/\/api.w.org\/{rel}","templated":true}]}}