{"id":2329,"date":"2023-05-08T18:35:56","date_gmt":"2023-05-08T16:35:56","guid":{"rendered":"https:\/\/www.musikverein-neuthard.de\/?p=2329"},"modified":"2023-05-12T18:49:03","modified_gmt":"2023-05-12T16:49:03","slug":"neues-vom-blasmusiker","status":"publish","type":"post","link":"https:\/\/www.musikverein-neuthard.de\/index.php\/2023\/05\/neues-vom-blasmusiker\/","title":{"rendered":"Neues vom Blasmusiker"},"content":{"rendered":"<p>In den letzten Tagen war beim HdM richtig was los. An drei Mittagen wurden unter Projektleiter Edgar Kistner\u00a0und seinem Team Holzplatten-Elemente f\u00fcr einen neuen K\u00fcchenzeltboden f\u00fcr das bevorstehende Dorffest zurechtgeschnitten und vormontiert. Zus\u00e4tzlich wurden von den tagesfreizeithabenden\u00a0MVNlern die Au\u00dfenanlage gepflegt.<\/p>\n<p>Tatkr\u00e4ftige Unterst\u00fctzung erhielten wir dabei von unserem Seniormusiker\u00a0Kunibert Baumg\u00e4rtner, der mit seinem PKW-Gespann die Entsorgungsfahrt des Gr\u00fcnschnitts zum Bauhof \u00fcbernahm. Herzlichen Dank f\u00fcr\u00a0die tatkr\u00e4ftige Unterst\u00fctzung von Kistner Gartenger\u00e4te und allen Helfern.<\/p>\n<p>Bitte vormerken:<br \/>\nF\u00fcr alle, die Lust und Laune haben:<\/p>\n<p>N\u00e4chste Termine der MVN-Tagesfreizeithabenden am <strong>Dienstag, 6. und 27. Juni jeweils ab 13 Uhr<\/strong>.<\/p>\n","protected":false},"excerpt":{"rendered":"<p>In den letzten Tagen war beim HdM richtig was los. An drei Mittagen wurden unter Projektleiter Edgar Kistner\u00a0und seinem Team Holzplatten-Elemente f\u00fcr einen neuen K\u00fcchenzeltboden<\/p>\n","protected":false},"author":3,"featured_media":0,"comment_status":"closed","ping_status":"closed","sticky":false,"template":"","format":"standard","meta":{"footnotes":""},"categories":[2],"tags":[],"class_list":["post-2329","post","type-post","status-publish","format-standard","hentry","category-aktuelles"],"_links":{"self":[{"href":"https:\/\/www.musikverein-neuthard.de\/index.php\/wp-json\/wp\/v2\/posts\/2329","targetHints":{"allow":["GET"]}}],"collection":[{"href":"https:\/\/www.musikverein-neuthard.de\/index.php\/wp-json\/wp\/v2\/posts"}],"about":[{"href":"https:\/\/www.musikverein-neuthard.de\/index.php\/wp-json\/wp\/v2\/types\/post"}],"author":[{"embeddable":true,"href":"https:\/\/www.musikverein-neuthard.de\/index.php\/wp-json\/wp\/v2\/users\/3"}],"replies":[{"embeddable":true,"href":"https:\/\/www.musikverein-neuthard.de\/index.php\/wp-json\/wp\/v2\/comments?post=2329"}],"version-history":[{"count":1,"href":"https:\/\/www.musikverein-neuthard.de\/index.php\/wp-json\/wp\/v2\/posts\/2329\/revisions"}],"predecessor-version":[{"id":2330,"href":"https:\/\/www.musikverein-neuthard.de\/index.php\/wp-json\/wp\/v2\/posts\/2329\/revisions\/2330"}],"wp:attachment":[{"href":"https:\/\/www.musikverein-neuthard.de\/index.php\/wp-json\/wp\/v2\/media?parent=2329"}],"wp:term":[{"taxonomy":"category","embeddable":true,"href":"https:\/\/www.musikverein-neuthard.de\/index.php\/wp-json\/wp\/v2\/categories?post=2329"},{"taxonomy":"post_tag","embeddable":true,"href":"https:\/\/www.musikverein-neuthard.de\/index.php\/wp-json\/wp\/v2\/tags?post=2329"}],"curies":[{"name":"wp","href":"https:\/\/api.w.org\/{rel}","templated":true}]}}