{"id":2335,"date":"2023-05-16T19:06:45","date_gmt":"2023-05-16T17:06:45","guid":{"rendered":"https:\/\/www.musikverein-neuthard.de\/?p=2335"},"modified":"2023-06-28T12:16:57","modified_gmt":"2023-06-28T10:16:57","slug":"karaoke-mit-dem-mv-neuthard-2","status":"publish","type":"post","link":"https:\/\/www.musikverein-neuthard.de\/index.php\/2023\/05\/karaoke-mit-dem-mv-neuthard-2\/","title":{"rendered":"Karaoke mit dem MV Neuthard"},"content":{"rendered":"<p><img loading=\"lazy\" decoding=\"async\" class=\"alignnone wp-image-1780 size-large\" src=\"https:\/\/www.musikverein-neuthard.de\/wp-content\/uploads\/2022\/05\/2022-05_Karaoke-1024x576.jpg\" alt=\"\" width=\"900\" height=\"506\" srcset=\"https:\/\/www.musikverein-neuthard.de\/wp-content\/uploads\/2022\/05\/2022-05_Karaoke-1024x576.jpg 1024w, https:\/\/www.musikverein-neuthard.de\/wp-content\/uploads\/2022\/05\/2022-05_Karaoke-300x169.jpg 300w, https:\/\/www.musikverein-neuthard.de\/wp-content\/uploads\/2022\/05\/2022-05_Karaoke-768x432.jpg 768w, https:\/\/www.musikverein-neuthard.de\/wp-content\/uploads\/2022\/05\/2022-05_Karaoke.jpg 1280w\" sizes=\"auto, (max-width: 900px) 100vw, 900px\" \/><\/p>\n<p>Das Wiesenfest des Musikvereins Neuthard wirft seine Schatten voraus. In unserem musikalischen Biergarten m\u00f6chten wir am <strong>Samstagabend (1.7.)<\/strong> unseren bunten Unterhaltungsabend gestalten.<\/p>\n<p>Dieses Jahr m\u00f6chten wir allen die M\u00f6glichkeit bieten, live auf der B\u00fchne mit dabei zu sein, bei einer \u201eKaraoke mit dem Musikverein\u201c!<\/p>\n<p>Es gibt eine Liste mit rund <strong>40 Songs (s.u.)<\/strong>, aus der man sich ein Lied aussuchen kann, dass man schon immer mit dem Musikverein singen wollte.<\/p>\n<p>Bitte kontaktieren Sie uns <strong>bis zum 15.6.<\/strong> \u00fcber <a href=\"https:\/\/www.musikverein-neuthard.de\/index.php\/kontakt\/\">Mail<\/a>, <a href=\"https:\/\/www.facebook.com\/mvneuthard\">Facebook<\/a> oder <a href=\"https:\/\/www.musikverein-neuthard.de\/index.php\/impressum\/\">Telefon<\/a>. Sie erhalten dann von uns n\u00e4here Informationen \u00fcber Songtext und Tonart des St\u00fccks zur besseren Vorbereitung.<\/p>\n<p>Der Verein bereitet die St\u00fccke ebenfalls vor und es wird am Freitag, <strong>den 30.6.<\/strong> f\u00fcr alle Beteiligten noch eine Generalprobe geben.<\/p>\n<p><strong>Wir freuen uns auf Euch.<\/strong><\/p>\n<p>&nbsp;<\/p>\n<table width=\"410\">\n<tbody>\n<tr>\n<td><strong>Liedtitel<\/strong><\/td>\n<td><strong>Anmerkung<\/strong><\/td>\n<\/tr>\n<\/tbody>\n<tbody>\n<tr>\n<td>1000mal belogen<\/td>\n<td>Andrea Berg<\/td>\n<\/tr>\n<tr>\n<td>A Mann f\u00fcr Amore<\/td>\n<td>DJ \u00d6tzi<\/td>\n<\/tr>\n<tr>\n<td>Ab in den S\u00fcden<\/td>\n<td>Buddy<\/td>\n<\/tr>\n<tr>\n<td>Auf der Stra\u00dfe nach S\u00fcden<\/td>\n<td>Tony Marschall<\/td>\n<\/tr>\n<tr>\n<td>Auf der Vogelwiese<\/td>\n<td>Polka<\/td>\n<\/tr>\n<tr>\n<td>Auf uns<\/td>\n<td>Andreas Bourrani<\/td>\n<\/tr>\n<tr>\n<td>Aus B\u00f6hmen kommt die Musik<\/td>\n<td>Polka<\/td>\n<\/tr>\n<tr>\n<td>Azzuro<\/td>\n<td>Adriano Celentano<\/td>\n<\/tr>\n<tr>\n<td>Bozener Bersteigermarsch<\/td>\n<td>Polka<\/td>\n<\/tr>\n<tr>\n<td>Brenna Tuats Gut<\/td>\n<td>Hubert von Goison<\/td>\n<\/tr>\n<tr>\n<td>Butterfly<\/td>\n<td>Daniel Gerard<\/td>\n<\/tr>\n<tr>\n<td>Capri-Fischer<\/td>\n<td>Vico Torriani<\/td>\n<\/tr>\n<tr>\n<td>Country Roads<\/td>\n<td>Hermes House Band<\/td>\n<\/tr>\n<tr>\n<td>Daf\u00fcr mach ma Musi<\/td>\n<td>Sch\u00fcrzenj\u00e4ger<\/td>\n<\/tr>\n<tr>\n<td>Dahoam is Dahoam<\/td>\n<td>Sch\u00fcrzenj\u00e4ger<\/td>\n<\/tr>\n<tr>\n<td>Du schaffst das schon<\/td>\n<td>Clubb3<\/td>\n<\/tr>\n<tr>\n<td>Ein bi\u00dfchen Frieden<\/td>\n<td>Nicole<\/td>\n<\/tr>\n<tr>\n<td>Er geh\u00f6rt zu mir<\/td>\n<td>Marianne Rosenberg<\/td>\n<\/tr>\n<tr>\n<td>Er hat ein knallrotes Gummiboot<\/td>\n<td>Wencke Myhre<\/td>\n<\/tr>\n<tr>\n<td>Hulapalu<\/td>\n<td>Andreas Gabalier<\/td>\n<\/tr>\n<tr>\n<td>I sing a Lied f\u00fcr di<\/td>\n<td>DJ \u00d6tzi<\/td>\n<\/tr>\n<tr>\n<td>Im Wagen vor mir<\/td>\n<td>Henry Valentino<\/td>\n<\/tr>\n<tr>\n<td>It&#8217;s Raining Men<\/td>\n<td>The Weather Girls<\/td>\n<\/tr>\n<tr>\n<td>Looking for Freedom<\/td>\n<td>David Hasselhoff<\/td>\n<\/tr>\n<tr>\n<td>Mein Herz<\/td>\n<td>Beatrice Egli<\/td>\n<\/tr>\n<tr>\n<td>Resi i hol de mit meim Traktor<\/td>\n<td>Wolfgang Fierek<\/td>\n<\/tr>\n<tr>\n<td>Rot sind die Rosen<\/td>\n<td>Semino Rossi<\/td>\n<\/tr>\n<tr>\n<td>Satellite<\/td>\n<td>Lena<\/td>\n<\/tr>\n<tr>\n<td>Schatzi schenk mir ein Foto<\/td>\n<td>Mickie Krause<\/td>\n<\/tr>\n<tr>\n<td>Sch\u00fcrzenj\u00e4gerzeit<\/td>\n<td>Sch\u00fcrzenj\u00e4ger<\/td>\n<\/tr>\n<tr>\n<td>Schwarzwaldmarie<\/td>\n<td>Dorfrocker<\/td>\n<\/tr>\n<tr>\n<td>Slavonicka Polka<\/td>\n<td>Polka<\/td>\n<\/tr>\n<tr>\n<td>Sweet Caroline<\/td>\n<td>Neil Diamond<\/td>\n<\/tr>\n<tr>\n<td>Tage wie diese<\/td>\n<td>Die Toten Hosen<\/td>\n<\/tr>\n<tr>\n<td>Udo J\u00fcrgens Live<\/td>\n<td>Udo J\u00fcrgens<\/td>\n<\/tr>\n<tr>\n<td>Viva la Vida<\/td>\n<td>Coldplay<\/td>\n<\/tr>\n<tr>\n<td>Volare<\/td>\n<td>Gipsy Kings<\/td>\n<\/tr>\n<tr>\n<td>Wahnsinn<\/td>\n<td>Wolfgang Petri<\/td>\n<\/tr>\n<tr>\n<td>Wann fangt denn endlich d&#8216; Musi an<\/td>\n<td>Marianne und Michael<\/td>\n<\/tr>\n<tr>\n<td>Wenn der Wein bl\u00fcht<\/td>\n<td>Robert Payer<\/td>\n<\/tr>\n<tr>\n<td>Wieder alles im Griff<\/td>\n<td>J\u00fcrgen Drews<\/td>\n<\/tr>\n<tr>\n<td>Wunder gibt es immer wieder<\/td>\n<td>Guildo Horn, Katja Ebstein<\/td>\n<\/tr>\n<\/tbody>\n<\/table>\n","protected":false},"excerpt":{"rendered":"<p>Das Wiesenfest des Musikvereins Neuthard wirft seine Schatten voraus. In unserem musikalischen Biergarten m\u00f6chten wir am Samstagabend (1.7.) unseren bunten Unterhaltungsabend gestalten. Dieses Jahr m\u00f6chten<\/p>\n","protected":false},"author":3,"featured_media":2336,"comment_status":"closed","ping_status":"closed","sticky":false,"template":"","format":"standard","meta":{"footnotes":""},"categories":[2],"tags":[],"class_list":["post-2335","post","type-post","status-publish","format-standard","has-post-thumbnail","hentry","category-aktuelles"],"_links":{"self":[{"href":"https:\/\/www.musikverein-neuthard.de\/index.php\/wp-json\/wp\/v2\/posts\/2335","targetHints":{"allow":["GET"]}}],"collection":[{"href":"https:\/\/www.musikverein-neuthard.de\/index.php\/wp-json\/wp\/v2\/posts"}],"about":[{"href":"https:\/\/www.musikverein-neuthard.de\/index.php\/wp-json\/wp\/v2\/types\/post"}],"author":[{"embeddable":true,"href":"https:\/\/www.musikverein-neuthard.de\/index.php\/wp-json\/wp\/v2\/users\/3"}],"replies":[{"embeddable":true,"href":"https:\/\/www.musikverein-neuthard.de\/index.php\/wp-json\/wp\/v2\/comments?post=2335"}],"version-history":[{"count":3,"href":"https:\/\/www.musikverein-neuthard.de\/index.php\/wp-json\/wp\/v2\/posts\/2335\/revisions"}],"predecessor-version":[{"id":2349,"href":"https:\/\/www.musikverein-neuthard.de\/index.php\/wp-json\/wp\/v2\/posts\/2335\/revisions\/2349"}],"wp:featuredmedia":[{"embeddable":true,"href":"https:\/\/www.musikverein-neuthard.de\/index.php\/wp-json\/wp\/v2\/media\/2336"}],"wp:attachment":[{"href":"https:\/\/www.musikverein-neuthard.de\/index.php\/wp-json\/wp\/v2\/media?parent=2335"}],"wp:term":[{"taxonomy":"category","embeddable":true,"href":"https:\/\/www.musikverein-neuthard.de\/index.php\/wp-json\/wp\/v2\/categories?post=2335"},{"taxonomy":"post_tag","embeddable":true,"href":"https:\/\/www.musikverein-neuthard.de\/index.php\/wp-json\/wp\/v2\/tags?post=2335"}],"curies":[{"name":"wp","href":"https:\/\/api.w.org\/{rel}","templated":true}]}}