{"id":2338,"date":"2023-05-16T19:23:49","date_gmt":"2023-05-16T17:23:49","guid":{"rendered":"https:\/\/www.musikverein-neuthard.de\/?p=2338"},"modified":"2023-05-16T19:25:18","modified_gmt":"2023-05-16T17:25:18","slug":"jugendhauptversammlung-2023-2","status":"publish","type":"post","link":"https:\/\/www.musikverein-neuthard.de\/index.php\/2023\/05\/jugendhauptversammlung-2023-2\/","title":{"rendered":"Jugendhauptversammlung 2023"},"content":{"rendered":"<p>Vergangenen Freitag fand bei der Jugend des MVN die Jugendhauptversammlung statt. Nach 8 Jahren als Jugendleiterin \u00fcbergab Ann-Katrin Krieger das Amt an Maria Schmitt.<br \/>\nWir w\u00fcnschen Maria und ihrem neuen Team f\u00fcr die Zukunft alles Gute und viel Spa\u00df und bedanken uns beim langj\u00e4hrigen Jugendleitungsteam.<\/p>\n<p><strong>Die neue Jugendverwaltung besteht aus:<\/strong><\/p>\n<ul>\n<li><strong>Jugendleiterin: Maria Schmitt<\/strong><\/li>\n<li><strong>Schriftf\u00fchrerin: Ann-Katrin Krieger<\/strong><\/li>\n<li><strong>Kassier: Marcel Kratschmann<\/strong><\/li>\n<li><strong>Pressew\u00e4rtin: Shirin Krieger<\/strong><\/li>\n<li><strong>Leitung Cool Music Kids: Svenja Baumg\u00e4rtner<\/strong><\/li>\n<li><strong>Beisitzer: Lea Ell, Laura Haag, Mara Ell, Alisa Roth<\/strong><\/li>\n<\/ul>\n<p>Herzlichen Gl\u00fcckwunsch und gutes Gelingen in den kommenden 2 Jahren.<\/p>\n<p><a href=\"https:\/\/www.musikverein-neuthard.de\/wp-content\/uploads\/2023\/05\/05_2023_JHV.jpeg\"><img loading=\"lazy\" decoding=\"async\" class=\"alignnone wp-image-2339 size-large\" src=\"https:\/\/www.musikverein-neuthard.de\/wp-content\/uploads\/2023\/05\/05_2023_JHV-1024x768.jpeg\" alt=\"\" width=\"900\" height=\"675\" \/><\/a><\/p>\n","protected":false},"excerpt":{"rendered":"<p>Vergangenen Freitag fand bei der Jugend des MVN die Jugendhauptversammlung statt. Nach 8 Jahren als Jugendleiterin \u00fcbergab Ann-Katrin Krieger das Amt an Maria Schmitt. Wir<\/p>\n","protected":false},"author":3,"featured_media":2339,"comment_status":"closed","ping_status":"closed","sticky":false,"template":"","format":"standard","meta":{"footnotes":""},"categories":[2],"tags":[],"class_list":["post-2338","post","type-post","status-publish","format-standard","has-post-thumbnail","hentry","category-aktuelles"],"_links":{"self":[{"href":"https:\/\/www.musikverein-neuthard.de\/index.php\/wp-json\/wp\/v2\/posts\/2338","targetHints":{"allow":["GET"]}}],"collection":[{"href":"https:\/\/www.musikverein-neuthard.de\/index.php\/wp-json\/wp\/v2\/posts"}],"about":[{"href":"https:\/\/www.musikverein-neuthard.de\/index.php\/wp-json\/wp\/v2\/types\/post"}],"author":[{"embeddable":true,"href":"https:\/\/www.musikverein-neuthard.de\/index.php\/wp-json\/wp\/v2\/users\/3"}],"replies":[{"embeddable":true,"href":"https:\/\/www.musikverein-neuthard.de\/index.php\/wp-json\/wp\/v2\/comments?post=2338"}],"version-history":[{"count":3,"href":"https:\/\/www.musikverein-neuthard.de\/index.php\/wp-json\/wp\/v2\/posts\/2338\/revisions"}],"predecessor-version":[{"id":2346,"href":"https:\/\/www.musikverein-neuthard.de\/index.php\/wp-json\/wp\/v2\/posts\/2338\/revisions\/2346"}],"wp:featuredmedia":[{"embeddable":true,"href":"https:\/\/www.musikverein-neuthard.de\/index.php\/wp-json\/wp\/v2\/media\/2339"}],"wp:attachment":[{"href":"https:\/\/www.musikverein-neuthard.de\/index.php\/wp-json\/wp\/v2\/media?parent=2338"}],"wp:term":[{"taxonomy":"category","embeddable":true,"href":"https:\/\/www.musikverein-neuthard.de\/index.php\/wp-json\/wp\/v2\/categories?post=2338"},{"taxonomy":"post_tag","embeddable":true,"href":"https:\/\/www.musikverein-neuthard.de\/index.php\/wp-json\/wp\/v2\/tags?post=2338"}],"curies":[{"name":"wp","href":"https:\/\/api.w.org\/{rel}","templated":true}]}}