{"id":2341,"date":"2023-05-16T19:14:26","date_gmt":"2023-05-16T17:14:26","guid":{"rendered":"https:\/\/www.musikverein-neuthard.de\/?p=2341"},"modified":"2023-05-16T19:14:26","modified_gmt":"2023-05-16T17:14:26","slug":"auftritt-pfarrfest","status":"publish","type":"post","link":"https:\/\/www.musikverein-neuthard.de\/index.php\/2023\/05\/auftritt-pfarrfest\/","title":{"rendered":"Auftritt Pfarrfest"},"content":{"rendered":"<p><a href=\"https:\/\/www.musikverein-neuthard.de\/wp-content\/uploads\/2023\/05\/05_2023_Pfarrfest-e1684257224237.jpeg\"><img loading=\"lazy\" decoding=\"async\" class=\"alignnone size-large wp-image-2342\" src=\"https:\/\/www.musikverein-neuthard.de\/wp-content\/uploads\/2023\/05\/05_2023_Pfarrfest-1024x768.jpeg\" alt=\"\" width=\"900\" height=\"675\" \/><\/a><\/p>\n<p>P\u00fcnktlich zu unserem Auftritt beim Pfarrfest gab es einen riesigen Wolkenbruch. Der MVN fand in der Vorhalle ein Pl\u00e4tzchen und sorgte mit \u00fcber 40 Musikerinnen und Musikern f\u00fcr gute Stimmung.<\/p>\n","protected":false},"excerpt":{"rendered":"<p>P\u00fcnktlich zu unserem Auftritt beim Pfarrfest gab es einen riesigen Wolkenbruch. Der MVN fand in der Vorhalle ein Pl\u00e4tzchen und sorgte mit \u00fcber 40 Musikerinnen<\/p>\n","protected":false},"author":3,"featured_media":2342,"comment_status":"closed","ping_status":"closed","sticky":false,"template":"","format":"standard","meta":{"footnotes":""},"categories":[2],"tags":[],"class_list":["post-2341","post","type-post","status-publish","format-standard","has-post-thumbnail","hentry","category-aktuelles"],"_links":{"self":[{"href":"https:\/\/www.musikverein-neuthard.de\/index.php\/wp-json\/wp\/v2\/posts\/2341","targetHints":{"allow":["GET"]}}],"collection":[{"href":"https:\/\/www.musikverein-neuthard.de\/index.php\/wp-json\/wp\/v2\/posts"}],"about":[{"href":"https:\/\/www.musikverein-neuthard.de\/index.php\/wp-json\/wp\/v2\/types\/post"}],"author":[{"embeddable":true,"href":"https:\/\/www.musikverein-neuthard.de\/index.php\/wp-json\/wp\/v2\/users\/3"}],"replies":[{"embeddable":true,"href":"https:\/\/www.musikverein-neuthard.de\/index.php\/wp-json\/wp\/v2\/comments?post=2341"}],"version-history":[{"count":1,"href":"https:\/\/www.musikverein-neuthard.de\/index.php\/wp-json\/wp\/v2\/posts\/2341\/revisions"}],"predecessor-version":[{"id":2343,"href":"https:\/\/www.musikverein-neuthard.de\/index.php\/wp-json\/wp\/v2\/posts\/2341\/revisions\/2343"}],"wp:featuredmedia":[{"embeddable":true,"href":"https:\/\/www.musikverein-neuthard.de\/index.php\/wp-json\/wp\/v2\/media\/2342"}],"wp:attachment":[{"href":"https:\/\/www.musikverein-neuthard.de\/index.php\/wp-json\/wp\/v2\/media?parent=2341"}],"wp:term":[{"taxonomy":"category","embeddable":true,"href":"https:\/\/www.musikverein-neuthard.de\/index.php\/wp-json\/wp\/v2\/categories?post=2341"},{"taxonomy":"post_tag","embeddable":true,"href":"https:\/\/www.musikverein-neuthard.de\/index.php\/wp-json\/wp\/v2\/tags?post=2341"}],"curies":[{"name":"wp","href":"https:\/\/api.w.org\/{rel}","templated":true}]}}