{"id":2356,"date":"2023-05-25T12:55:22","date_gmt":"2023-05-25T10:55:22","guid":{"rendered":"https:\/\/www.musikverein-neuthard.de\/?p=2356"},"modified":"2023-05-25T12:55:22","modified_gmt":"2023-05-25T10:55:22","slug":"das-vatertagsfest-der-nfd-ein-voller-erfolg","status":"publish","type":"post","link":"https:\/\/www.musikverein-neuthard.de\/index.php\/2023\/05\/das-vatertagsfest-der-nfd-ein-voller-erfolg\/","title":{"rendered":"Das Vatertagsfest der NFD \u2013 Ein voller Erfolg"},"content":{"rendered":"<p><a href=\"https:\/\/www.musikverein-neuthard.de\/wp-content\/uploads\/2023\/05\/05_2023_Vatertagsfest-scaled-e1685012052889.jpeg\"><img loading=\"lazy\" decoding=\"async\" class=\"alignnone size-large wp-image-2357\" src=\"https:\/\/www.musikverein-neuthard.de\/wp-content\/uploads\/2023\/05\/05_2023_Vatertagsfest-scaled-e1685012052889-1024x673.jpeg\" alt=\"\" width=\"900\" height=\"592\" srcset=\"https:\/\/www.musikverein-neuthard.de\/wp-content\/uploads\/2023\/05\/05_2023_Vatertagsfest-scaled-e1685012052889-1024x673.jpeg 1024w, https:\/\/www.musikverein-neuthard.de\/wp-content\/uploads\/2023\/05\/05_2023_Vatertagsfest-scaled-e1685012052889-300x197.jpeg 300w, https:\/\/www.musikverein-neuthard.de\/wp-content\/uploads\/2023\/05\/05_2023_Vatertagsfest-scaled-e1685012052889-768x505.jpeg 768w, https:\/\/www.musikverein-neuthard.de\/wp-content\/uploads\/2023\/05\/05_2023_Vatertagsfest-scaled-e1685012052889-1536x1009.jpeg 1536w, https:\/\/www.musikverein-neuthard.de\/wp-content\/uploads\/2023\/05\/05_2023_Vatertagsfest-scaled-e1685012052889.jpeg 1977w\" sizes=\"auto, (max-width: 900px) 100vw, 900px\" \/><\/a><\/p>\n<p>Am Donnerstag, den 18. Mai fand unser traditionelles NFD-Vatertagsfest statt.<\/p>\n<p>Bei sch\u00f6nen sonnigen Temperaturen zog es viele NFDler mit ihren Freunden und Familien zum Vatertagsfest auf der Wiese beim MVN. Die Stimmung war gut und so wurde ausgiebig gefeiert. F\u00fcr leckeres Essen vom Grill sorgte wieder unser Grillteam Manuel Bohn und Martin Bellm. Vielen Dank nochmal an dieser Stelle an unser Grillteam und f\u00fcr alle Kuchen- und Salatspenden.<\/p>\n<p>Als besonderes Highlight gab es dieses Mal eine Ehrentrib\u00fcne auf der zahlreiche NFDler Auszeichnungen bekamen. So wurden Manuel Bohn und Stefan Kistner zu Ehrensenatoren ernannt, die nach 22 Jahren Elferrat ihre \u00c4mter an die n\u00e4chste Generation weitergaben. Ihre Nachfolger sind Marcel Metz als neuer Vizepr\u00e4sident und Tobias Baumg\u00e4rtner als Getr\u00e4nkemeister.<\/p>\n<p>Ralph und Oliver Sch\u00e4fer wurden Ehrendudler, Martin Bellm und Florian Kistner bekamen den Ehrenorden f\u00fcr 111 teilgenommene Umz\u00fcge. Des Weiteren bekamen Max Baumg\u00e4rtner und Daniela Bohn den silbernen Orden, Maximilian Jannack und Simon Bl\u00fcmle den bronzenen Orden und eines unserer j\u00fcngeren Mitglieder Emil Brunner bekam den Kinderorden verliehen.<\/p>\n<p>Der Elferrat m\u00f6chte sich hiermit auch noch einmal bei allen bedanken, die f\u00fcr dieses tolle Fest ihren Beitrag geleistet haben und f\u00fcr die zahlreichen Spenden, die wir erhalten haben.<\/p>\n<p>Wir freuen uns schon auf die n\u00e4chste Feier und auf weitere sch\u00f6ne Faschingskampagnen mit euch,<\/p>\n<p>Euer Elferrat<\/p>\n","protected":false},"excerpt":{"rendered":"<p>Am Donnerstag, den 18. Mai fand unser traditionelles NFD-Vatertagsfest statt. Bei sch\u00f6nen sonnigen Temperaturen zog es viele NFDler mit ihren Freunden und Familien zum Vatertagsfest<\/p>\n","protected":false},"author":3,"featured_media":2357,"comment_status":"closed","ping_status":"closed","sticky":false,"template":"","format":"standard","meta":{"footnotes":""},"categories":[2],"tags":[],"class_list":["post-2356","post","type-post","status-publish","format-standard","has-post-thumbnail","hentry","category-aktuelles"],"_links":{"self":[{"href":"https:\/\/www.musikverein-neuthard.de\/index.php\/wp-json\/wp\/v2\/posts\/2356","targetHints":{"allow":["GET"]}}],"collection":[{"href":"https:\/\/www.musikverein-neuthard.de\/index.php\/wp-json\/wp\/v2\/posts"}],"about":[{"href":"https:\/\/www.musikverein-neuthard.de\/index.php\/wp-json\/wp\/v2\/types\/post"}],"author":[{"embeddable":true,"href":"https:\/\/www.musikverein-neuthard.de\/index.php\/wp-json\/wp\/v2\/users\/3"}],"replies":[{"embeddable":true,"href":"https:\/\/www.musikverein-neuthard.de\/index.php\/wp-json\/wp\/v2\/comments?post=2356"}],"version-history":[{"count":1,"href":"https:\/\/www.musikverein-neuthard.de\/index.php\/wp-json\/wp\/v2\/posts\/2356\/revisions"}],"predecessor-version":[{"id":2358,"href":"https:\/\/www.musikverein-neuthard.de\/index.php\/wp-json\/wp\/v2\/posts\/2356\/revisions\/2358"}],"wp:featuredmedia":[{"embeddable":true,"href":"https:\/\/www.musikverein-neuthard.de\/index.php\/wp-json\/wp\/v2\/media\/2357"}],"wp:attachment":[{"href":"https:\/\/www.musikverein-neuthard.de\/index.php\/wp-json\/wp\/v2\/media?parent=2356"}],"wp:term":[{"taxonomy":"category","embeddable":true,"href":"https:\/\/www.musikverein-neuthard.de\/index.php\/wp-json\/wp\/v2\/categories?post=2356"},{"taxonomy":"post_tag","embeddable":true,"href":"https:\/\/www.musikverein-neuthard.de\/index.php\/wp-json\/wp\/v2\/tags?post=2356"}],"curies":[{"name":"wp","href":"https:\/\/api.w.org\/{rel}","templated":true}]}}