{"id":2372,"date":"2023-06-21T17:42:39","date_gmt":"2023-06-21T15:42:39","guid":{"rendered":"https:\/\/www.musikverein-neuthard.de\/?p=2372"},"modified":"2023-06-21T17:43:36","modified_gmt":"2023-06-21T15:43:36","slug":"2372","status":"publish","type":"post","link":"https:\/\/www.musikverein-neuthard.de\/index.php\/2023\/06\/2372\/","title":{"rendered":"Auftritt Jugendkapelle Dorffest"},"content":{"rendered":"<p>Auch die Jugendkapelle des Musikverein Neuthards durfte eine lange Tradition nach 3 Jahren wieder aufnehmen.<\/p>\n<p>Am Sonntag haben die Jungmusiker unter der Leitung von Markus Heneka bei bestem Biergartenwetter das begeisterte Publikum im Festzelt f\u00fcr 1,5h unterhalten. F\u00fcr die Jungmusiker war dies wieder eine sehr sch\u00f6ne Gelegenheit Ihre geprobten St\u00fccke vorzuf\u00fchren und sich den verdienten Applaus abzuholen. Allen ein gro\u00dfes Lob. Wir freuen uns schon auf den Auftritt beim Wiesenfest.<\/p>\n<p><a href=\"https:\/\/www.musikverein-neuthard.de\/wp-content\/uploads\/2023\/06\/06_2023_Jugend_Dorffest.jpeg\"><img loading=\"lazy\" decoding=\"async\" class=\"alignnone size-large wp-image-2373\" src=\"https:\/\/www.musikverein-neuthard.de\/wp-content\/uploads\/2023\/06\/06_2023_Jugend_Dorffest-1024x462.jpeg\" alt=\"\" width=\"900\" height=\"406\" srcset=\"https:\/\/www.musikverein-neuthard.de\/wp-content\/uploads\/2023\/06\/06_2023_Jugend_Dorffest-1024x462.jpeg 1024w, https:\/\/www.musikverein-neuthard.de\/wp-content\/uploads\/2023\/06\/06_2023_Jugend_Dorffest-300x135.jpeg 300w, https:\/\/www.musikverein-neuthard.de\/wp-content\/uploads\/2023\/06\/06_2023_Jugend_Dorffest-768x346.jpeg 768w, https:\/\/www.musikverein-neuthard.de\/wp-content\/uploads\/2023\/06\/06_2023_Jugend_Dorffest-1536x692.jpeg 1536w, https:\/\/www.musikverein-neuthard.de\/wp-content\/uploads\/2023\/06\/06_2023_Jugend_Dorffest.jpeg 2048w\" sizes=\"auto, (max-width: 900px) 100vw, 900px\" \/><\/a><\/p>\n","protected":false},"excerpt":{"rendered":"<p>Auch die Jugendkapelle des Musikverein Neuthards durfte eine lange Tradition nach 3 Jahren wieder aufnehmen. Am Sonntag haben die Jungmusiker unter der Leitung von Markus<\/p>\n","protected":false},"author":3,"featured_media":2373,"comment_status":"closed","ping_status":"closed","sticky":false,"template":"","format":"standard","meta":{"footnotes":""},"categories":[2],"tags":[],"class_list":["post-2372","post","type-post","status-publish","format-standard","has-post-thumbnail","hentry","category-aktuelles"],"_links":{"self":[{"href":"https:\/\/www.musikverein-neuthard.de\/index.php\/wp-json\/wp\/v2\/posts\/2372","targetHints":{"allow":["GET"]}}],"collection":[{"href":"https:\/\/www.musikverein-neuthard.de\/index.php\/wp-json\/wp\/v2\/posts"}],"about":[{"href":"https:\/\/www.musikverein-neuthard.de\/index.php\/wp-json\/wp\/v2\/types\/post"}],"author":[{"embeddable":true,"href":"https:\/\/www.musikverein-neuthard.de\/index.php\/wp-json\/wp\/v2\/users\/3"}],"replies":[{"embeddable":true,"href":"https:\/\/www.musikverein-neuthard.de\/index.php\/wp-json\/wp\/v2\/comments?post=2372"}],"version-history":[{"count":3,"href":"https:\/\/www.musikverein-neuthard.de\/index.php\/wp-json\/wp\/v2\/posts\/2372\/revisions"}],"predecessor-version":[{"id":2376,"href":"https:\/\/www.musikverein-neuthard.de\/index.php\/wp-json\/wp\/v2\/posts\/2372\/revisions\/2376"}],"wp:featuredmedia":[{"embeddable":true,"href":"https:\/\/www.musikverein-neuthard.de\/index.php\/wp-json\/wp\/v2\/media\/2373"}],"wp:attachment":[{"href":"https:\/\/www.musikverein-neuthard.de\/index.php\/wp-json\/wp\/v2\/media?parent=2372"}],"wp:term":[{"taxonomy":"category","embeddable":true,"href":"https:\/\/www.musikverein-neuthard.de\/index.php\/wp-json\/wp\/v2\/categories?post=2372"},{"taxonomy":"post_tag","embeddable":true,"href":"https:\/\/www.musikverein-neuthard.de\/index.php\/wp-json\/wp\/v2\/tags?post=2372"}],"curies":[{"name":"wp","href":"https:\/\/api.w.org\/{rel}","templated":true}]}}