{"id":2412,"date":"2023-07-07T14:12:05","date_gmt":"2023-07-07T12:12:05","guid":{"rendered":"https:\/\/www.musikverein-neuthard.de\/?p=2412"},"modified":"2023-07-07T14:22:05","modified_gmt":"2023-07-07T12:22:05","slug":"dankeschoen-an-alle-helferinnen-und-helfer","status":"publish","type":"post","link":"https:\/\/www.musikverein-neuthard.de\/index.php\/2023\/07\/dankeschoen-an-alle-helferinnen-und-helfer\/","title":{"rendered":"Dankesch\u00f6n an alle Helferinnen und Helfer"},"content":{"rendered":"<p><a href=\"https:\/\/www.musikverein-neuthard.de\/wp-content\/uploads\/2023\/07\/image230704103903794865-AS_IMG-202306.jpg\"><img loading=\"lazy\" decoding=\"async\" class=\"alignnone wp-image-2413 size-large\" src=\"https:\/\/www.musikverein-neuthard.de\/wp-content\/uploads\/2023\/07\/image230704103903794865-AS_IMG-202306-e1688731914265-1024x973.jpg\" alt=\"\" width=\"900\" height=\"855\" srcset=\"https:\/\/www.musikverein-neuthard.de\/wp-content\/uploads\/2023\/07\/image230704103903794865-AS_IMG-202306-e1688731914265-1024x973.jpg 1024w, https:\/\/www.musikverein-neuthard.de\/wp-content\/uploads\/2023\/07\/image230704103903794865-AS_IMG-202306-e1688731914265-300x285.jpg 300w, https:\/\/www.musikverein-neuthard.de\/wp-content\/uploads\/2023\/07\/image230704103903794865-AS_IMG-202306-e1688731914265-768x730.jpg 768w, https:\/\/www.musikverein-neuthard.de\/wp-content\/uploads\/2023\/07\/image230704103903794865-AS_IMG-202306-e1688731914265.jpg 1152w\" sizes=\"auto, (max-width: 900px) 100vw, 900px\" \/><\/a><\/p>\n<div class=\"col\">\n<div class=\"print-container\">\n<p>Liebe Mitglieder des MVN!<\/p>\n<p>Die gro\u00dfen Schlachten \u201eDorffest\u201c und \u201eWiesenfest\u201c sind erfolgreich geschlagen!<\/p>\n<p>Ich m\u00f6chte mich bei Euch allen f\u00fcr Eure Arbeit und Euren gro\u00dfen Einsatz herzlich bedanken. Ohne Euch w\u00e4ren die beiden Feste nicht so erfolgreich gewesen. Ich habe gro\u00dfen Respekt vor unserer Gemeinschaftsleistung und bin stolz darauf, f\u00fcr einen so gro\u00dfartigen Verein Vorstand sein zu d\u00fcrfen.<\/p>\n<p>Ich m\u00f6chte mich auch f\u00fcr den herzlichen Empfang bedanken, den ihr alle \u2013 insbesondere die Gastgeber \u2013 unseren Musikfreunden aus der Schweiz beschert habt. Ich habe nur Gutes geh\u00f6rt und davon reichlich!<\/p>\n<p>Cornelia (die Pr\u00e4sidentin der MG Fraunkappeln) hat mir geschrieben:<\/p>\n<p><strong>\u201eEs war ein wunderbares Wochenende bei euch, im Zeichen der Musik, der Freundschaft und der Verbundenheit.\u201c<\/strong><\/p>\n<p>Dem habe ich nichts hinzuzuf\u00fcgen.<\/p>\n<p>Nochmals vielen Dank!<\/p>\n<p>Oliver<\/p>\n<\/div>\n<\/div>\n","protected":false},"excerpt":{"rendered":"<p>Liebe Mitglieder des MVN! Die gro\u00dfen Schlachten \u201eDorffest\u201c und \u201eWiesenfest\u201c sind erfolgreich geschlagen! Ich m\u00f6chte mich bei Euch allen f\u00fcr Eure Arbeit und Euren gro\u00dfen<\/p>\n","protected":false},"author":3,"featured_media":2413,"comment_status":"closed","ping_status":"closed","sticky":false,"template":"","format":"standard","meta":{"footnotes":""},"categories":[2],"tags":[],"class_list":["post-2412","post","type-post","status-publish","format-standard","has-post-thumbnail","hentry","category-aktuelles"],"_links":{"self":[{"href":"https:\/\/www.musikverein-neuthard.de\/index.php\/wp-json\/wp\/v2\/posts\/2412","targetHints":{"allow":["GET"]}}],"collection":[{"href":"https:\/\/www.musikverein-neuthard.de\/index.php\/wp-json\/wp\/v2\/posts"}],"about":[{"href":"https:\/\/www.musikverein-neuthard.de\/index.php\/wp-json\/wp\/v2\/types\/post"}],"author":[{"embeddable":true,"href":"https:\/\/www.musikverein-neuthard.de\/index.php\/wp-json\/wp\/v2\/users\/3"}],"replies":[{"embeddable":true,"href":"https:\/\/www.musikverein-neuthard.de\/index.php\/wp-json\/wp\/v2\/comments?post=2412"}],"version-history":[{"count":5,"href":"https:\/\/www.musikverein-neuthard.de\/index.php\/wp-json\/wp\/v2\/posts\/2412\/revisions"}],"predecessor-version":[{"id":2424,"href":"https:\/\/www.musikverein-neuthard.de\/index.php\/wp-json\/wp\/v2\/posts\/2412\/revisions\/2424"}],"wp:featuredmedia":[{"embeddable":true,"href":"https:\/\/www.musikverein-neuthard.de\/index.php\/wp-json\/wp\/v2\/media\/2413"}],"wp:attachment":[{"href":"https:\/\/www.musikverein-neuthard.de\/index.php\/wp-json\/wp\/v2\/media?parent=2412"}],"wp:term":[{"taxonomy":"category","embeddable":true,"href":"https:\/\/www.musikverein-neuthard.de\/index.php\/wp-json\/wp\/v2\/categories?post=2412"},{"taxonomy":"post_tag","embeddable":true,"href":"https:\/\/www.musikverein-neuthard.de\/index.php\/wp-json\/wp\/v2\/tags?post=2412"}],"curies":[{"name":"wp","href":"https:\/\/api.w.org\/{rel}","templated":true}]}}