{"id":2415,"date":"2023-07-07T14:14:52","date_gmt":"2023-07-07T12:14:52","guid":{"rendered":"https:\/\/www.musikverein-neuthard.de\/?p=2415"},"modified":"2023-07-07T14:22:48","modified_gmt":"2023-07-07T12:22:48","slug":"highlights-wiesenfest-ochs","status":"publish","type":"post","link":"https:\/\/www.musikverein-neuthard.de\/index.php\/2023\/07\/highlights-wiesenfest-ochs\/","title":{"rendered":"Highlights Wiesenfest \u2013 Ochs"},"content":{"rendered":"<div class=\"col\">\n<div class=\"print-container\">\n<p>Jede Woche m\u00f6chten wir ein anderes Highlight unseres Wiesenfestes beleuchten.<\/p>\n<p>Seit einigen Jahrzehnten ist f\u00fcr viele Besucher der H\u00f6hepunkt des Festes der Ochs vom Grill. Nur wenige Festg\u00e4ste wissen um die M\u00fchen und die Arbeit der Grillmeister Bescheid. Morgens um 4 Uhr werden die ersten Vorbereitungen getroffen.<\/p>\n<p>Vom Aufbau des Grills, \u00fcber die Montage der Gest\u00e4nge, das Spalten des Holzes bis zur Anlieferung des Ochsen. All diese Prozeduren werden von unserem <strong>Ox-Team<\/strong> mit gro\u00dfer Sorgfalt durchgef\u00fchrt. Das \u201eHochheben\u201c des Ochsen auf den Grill gegen 5 Uhr morgens hat die ersten Schaulustigen auf den Festplatz gef\u00fchrt, die sich spontan zu einer Reihe aufgestellt haben, um sich die besten Pl\u00e4tze zu sichern.<\/p>\n<p>12 Stunden sp\u00e4ter war es dann so weit. Der Grill wurde fachm\u00e4nnisch ge\u00f6ffnet und der Ochs von unserem <strong>Ox-Team<\/strong> mit Unterst\u00fctzung der Metzgerei Baumg\u00e4rtner zerlegt. Die Schlange der Grillfreunde fand dieses Jahr kein Ende. Leider mussten wir nach 70 Minuten die Ausgabe einstellen, da wir komplett ausverkauft waren. Einige Besucher gingen bedauerlicherweise leer aus. Zum Gl\u00fcck konnten wir mit Steaks, W\u00fcrstchen und Wurstsalat Abhilfe schaffen.<\/p>\n<\/div>\n<p><a href=\"https:\/\/www.musikverein-neuthard.de\/wp-content\/uploads\/2023\/07\/Ochs-2.png\"><img loading=\"lazy\" decoding=\"async\" class=\"alignnone size-full wp-image-2417\" src=\"https:\/\/www.musikverein-neuthard.de\/wp-content\/uploads\/2023\/07\/Ochs-2.png\" alt=\"\" width=\"635\" height=\"876\" srcset=\"https:\/\/www.musikverein-neuthard.de\/wp-content\/uploads\/2023\/07\/Ochs-2.png 635w, https:\/\/www.musikverein-neuthard.de\/wp-content\/uploads\/2023\/07\/Ochs-2-217x300.png 217w\" sizes=\"auto, (max-width: 635px) 100vw, 635px\" \/><\/a><\/p>\n<p><a href=\"https:\/\/www.musikverein-neuthard.de\/wp-content\/uploads\/2023\/07\/Ochs-1.png\"><img loading=\"lazy\" decoding=\"async\" class=\"alignnone size-full wp-image-2418\" src=\"https:\/\/www.musikverein-neuthard.de\/wp-content\/uploads\/2023\/07\/Ochs-1.png\" alt=\"\" width=\"633\" height=\"874\" \/><\/a><\/p>\n<\/div>\n","protected":false},"excerpt":{"rendered":"<p>Jede Woche m\u00f6chten wir ein anderes Highlight unseres Wiesenfestes beleuchten. Seit einigen Jahrzehnten ist f\u00fcr viele Besucher der H\u00f6hepunkt des Festes der Ochs vom Grill.<\/p>\n","protected":false},"author":3,"featured_media":2420,"comment_status":"closed","ping_status":"closed","sticky":false,"template":"","format":"standard","meta":{"footnotes":""},"categories":[2],"tags":[],"class_list":["post-2415","post","type-post","status-publish","format-standard","has-post-thumbnail","hentry","category-aktuelles"],"_links":{"self":[{"href":"https:\/\/www.musikverein-neuthard.de\/index.php\/wp-json\/wp\/v2\/posts\/2415","targetHints":{"allow":["GET"]}}],"collection":[{"href":"https:\/\/www.musikverein-neuthard.de\/index.php\/wp-json\/wp\/v2\/posts"}],"about":[{"href":"https:\/\/www.musikverein-neuthard.de\/index.php\/wp-json\/wp\/v2\/types\/post"}],"author":[{"embeddable":true,"href":"https:\/\/www.musikverein-neuthard.de\/index.php\/wp-json\/wp\/v2\/users\/3"}],"replies":[{"embeddable":true,"href":"https:\/\/www.musikverein-neuthard.de\/index.php\/wp-json\/wp\/v2\/comments?post=2415"}],"version-history":[{"count":2,"href":"https:\/\/www.musikverein-neuthard.de\/index.php\/wp-json\/wp\/v2\/posts\/2415\/revisions"}],"predecessor-version":[{"id":2425,"href":"https:\/\/www.musikverein-neuthard.de\/index.php\/wp-json\/wp\/v2\/posts\/2415\/revisions\/2425"}],"wp:featuredmedia":[{"embeddable":true,"href":"https:\/\/www.musikverein-neuthard.de\/index.php\/wp-json\/wp\/v2\/media\/2420"}],"wp:attachment":[{"href":"https:\/\/www.musikverein-neuthard.de\/index.php\/wp-json\/wp\/v2\/media?parent=2415"}],"wp:term":[{"taxonomy":"category","embeddable":true,"href":"https:\/\/www.musikverein-neuthard.de\/index.php\/wp-json\/wp\/v2\/categories?post=2415"},{"taxonomy":"post_tag","embeddable":true,"href":"https:\/\/www.musikverein-neuthard.de\/index.php\/wp-json\/wp\/v2\/tags?post=2415"}],"curies":[{"name":"wp","href":"https:\/\/api.w.org\/{rel}","templated":true}]}}