{"id":2429,"date":"2023-07-12T13:34:29","date_gmt":"2023-07-12T11:34:29","guid":{"rendered":"https:\/\/www.musikverein-neuthard.de\/?p=2429"},"modified":"2023-07-12T13:34:57","modified_gmt":"2023-07-12T11:34:57","slug":"besuch-aus-der-schweiz","status":"publish","type":"post","link":"https:\/\/www.musikverein-neuthard.de\/index.php\/2023\/07\/besuch-aus-der-schweiz\/","title":{"rendered":"Highlights Wiesenfest &#8211; Besuch aus der Schweiz"},"content":{"rendered":"<p><a href=\"https:\/\/www.musikverein-neuthard.de\/wp-content\/uploads\/2023\/07\/07_2023_Wiesenfest_Schweiz_2.jpeg\"><img loading=\"lazy\" decoding=\"async\" class=\"alignnone size-large wp-image-2430\" src=\"https:\/\/www.musikverein-neuthard.de\/wp-content\/uploads\/2023\/07\/07_2023_Wiesenfest_Schweiz_2-1024x768.jpeg\" alt=\"\" width=\"900\" height=\"675\" \/><\/a><\/p>\n<p>Jede Woche beleuchten wir ein Highlight unseres Wiesenfestes.<\/p>\n<p>Nach langen Jahren hat uns die Musikgesellschaft Fraunkappelen aus der Schweiz besucht.<\/p>\n<p>Schon im Vorfeld haben wir im Mitteilungsblatt emsig die Werbetrommel f\u00fcr Gastfamilien ger\u00fchrt. So konnten wir alle Schweizer G\u00e4ste privat unterbringen. Am Festsamstag reisten unsere Besucher gegen Mittag in Neuthard an. Nach einem Sektempfang ging es zu Kaffee und Kuchen mir ihren Gastgebern nach Hause.<\/p>\n<p>Ab 18 Uhr verzauberten die Fraunkappelener Musiker unsere Festbesucher. Als H\u00f6hepunkt marschierte der MV Neuthard beim Badnerlied auf die B\u00fchne und unterst\u00fctzte die Kapelle textsicher. Gemeinsam spielten wir mit gro\u00dfem Enthusiasmus noch zwei M\u00e4rsche. Aber unsere G\u00e4ste waren nicht nur gute Musiker, sondern sie sorgten bei unserem Schlagerfestival f\u00fcr gute Stimmung. Sie gewannen den L\u00e4nderwettbewerb deutlich und animierten die Festbesucher zur ein oder anderen Polonaise.<\/p>\n<p>Gemeinsam verbrachten die Schweizer G\u00e4ste den Sonntag bis zum fr\u00fchen Abend auf unserem Wiesenfest. Mit viel Wehmut haben wir sie verabschiedet. Wir freuen uns schon auf unseren Gegenbesuch in Fraunkappeln.<\/p>\n<p><a href=\"https:\/\/www.musikverein-neuthard.de\/wp-content\/uploads\/2023\/07\/07_2023_Wiesenfest_Schweiz.jpeg\"><img loading=\"lazy\" decoding=\"async\" class=\"alignnone size-large wp-image-2431\" src=\"https:\/\/www.musikverein-neuthard.de\/wp-content\/uploads\/2023\/07\/07_2023_Wiesenfest_Schweiz-1024x576.jpeg\" alt=\"\" width=\"900\" height=\"506\" srcset=\"https:\/\/www.musikverein-neuthard.de\/wp-content\/uploads\/2023\/07\/07_2023_Wiesenfest_Schweiz-1024x576.jpeg 1024w, https:\/\/www.musikverein-neuthard.de\/wp-content\/uploads\/2023\/07\/07_2023_Wiesenfest_Schweiz-300x169.jpeg 300w, https:\/\/www.musikverein-neuthard.de\/wp-content\/uploads\/2023\/07\/07_2023_Wiesenfest_Schweiz-768x432.jpeg 768w, https:\/\/www.musikverein-neuthard.de\/wp-content\/uploads\/2023\/07\/07_2023_Wiesenfest_Schweiz-1536x864.jpeg 1536w, https:\/\/www.musikverein-neuthard.de\/wp-content\/uploads\/2023\/07\/07_2023_Wiesenfest_Schweiz.jpeg 1599w\" sizes=\"auto, (max-width: 900px) 100vw, 900px\" \/><\/a><\/p>\n","protected":false},"excerpt":{"rendered":"<p>Jede Woche beleuchten wir ein Highlight unseres Wiesenfestes. Nach langen Jahren hat uns die Musikgesellschaft Fraunkappelen aus der Schweiz besucht. Schon im Vorfeld haben wir<\/p>\n","protected":false},"author":3,"featured_media":2430,"comment_status":"closed","ping_status":"closed","sticky":false,"template":"","format":"standard","meta":{"footnotes":""},"categories":[2],"tags":[],"class_list":["post-2429","post","type-post","status-publish","format-standard","has-post-thumbnail","hentry","category-aktuelles"],"_links":{"self":[{"href":"https:\/\/www.musikverein-neuthard.de\/index.php\/wp-json\/wp\/v2\/posts\/2429","targetHints":{"allow":["GET"]}}],"collection":[{"href":"https:\/\/www.musikverein-neuthard.de\/index.php\/wp-json\/wp\/v2\/posts"}],"about":[{"href":"https:\/\/www.musikverein-neuthard.de\/index.php\/wp-json\/wp\/v2\/types\/post"}],"author":[{"embeddable":true,"href":"https:\/\/www.musikverein-neuthard.de\/index.php\/wp-json\/wp\/v2\/users\/3"}],"replies":[{"embeddable":true,"href":"https:\/\/www.musikverein-neuthard.de\/index.php\/wp-json\/wp\/v2\/comments?post=2429"}],"version-history":[{"count":2,"href":"https:\/\/www.musikverein-neuthard.de\/index.php\/wp-json\/wp\/v2\/posts\/2429\/revisions"}],"predecessor-version":[{"id":2433,"href":"https:\/\/www.musikverein-neuthard.de\/index.php\/wp-json\/wp\/v2\/posts\/2429\/revisions\/2433"}],"wp:featuredmedia":[{"embeddable":true,"href":"https:\/\/www.musikverein-neuthard.de\/index.php\/wp-json\/wp\/v2\/media\/2430"}],"wp:attachment":[{"href":"https:\/\/www.musikverein-neuthard.de\/index.php\/wp-json\/wp\/v2\/media?parent=2429"}],"wp:term":[{"taxonomy":"category","embeddable":true,"href":"https:\/\/www.musikverein-neuthard.de\/index.php\/wp-json\/wp\/v2\/categories?post=2429"},{"taxonomy":"post_tag","embeddable":true,"href":"https:\/\/www.musikverein-neuthard.de\/index.php\/wp-json\/wp\/v2\/tags?post=2429"}],"curies":[{"name":"wp","href":"https:\/\/api.w.org\/{rel}","templated":true}]}}