{"id":2451,"date":"2023-07-24T22:13:41","date_gmt":"2023-07-24T20:13:41","guid":{"rendered":"https:\/\/www.musikverein-neuthard.de\/?p=2451"},"modified":"2023-07-26T22:17:08","modified_gmt":"2023-07-26T20:17:08","slug":"highlight-wiesenfest-der-samstagabend","status":"publish","type":"post","link":"https:\/\/www.musikverein-neuthard.de\/index.php\/2023\/07\/highlight-wiesenfest-der-samstagabend\/","title":{"rendered":"Highlights Wiesenfest \u2013 der Samstagabend"},"content":{"rendered":"<p><a href=\"https:\/\/www.musikverein-neuthard.de\/wp-content\/uploads\/2023\/07\/c44cb06c-877e-4521-a3a7-4907497ecc68.jpeg\"><img loading=\"lazy\" decoding=\"async\" class=\"alignnone size-large wp-image-2452\" src=\"https:\/\/www.musikverein-neuthard.de\/wp-content\/uploads\/2023\/07\/c44cb06c-877e-4521-a3a7-4907497ecc68-1024x478.jpeg\" alt=\"\" width=\"900\" height=\"420\" srcset=\"https:\/\/www.musikverein-neuthard.de\/wp-content\/uploads\/2023\/07\/c44cb06c-877e-4521-a3a7-4907497ecc68-1024x478.jpeg 1024w, https:\/\/www.musikverein-neuthard.de\/wp-content\/uploads\/2023\/07\/c44cb06c-877e-4521-a3a7-4907497ecc68-300x140.jpeg 300w, https:\/\/www.musikverein-neuthard.de\/wp-content\/uploads\/2023\/07\/c44cb06c-877e-4521-a3a7-4907497ecc68-768x359.jpeg 768w, https:\/\/www.musikverein-neuthard.de\/wp-content\/uploads\/2023\/07\/c44cb06c-877e-4521-a3a7-4907497ecc68-1536x717.jpeg 1536w, https:\/\/www.musikverein-neuthard.de\/wp-content\/uploads\/2023\/07\/c44cb06c-877e-4521-a3a7-4907497ecc68.jpeg 2000w\" sizes=\"auto, (max-width: 900px) 100vw, 900px\" \/><\/a><\/p>\n<p>Bis vor wenigen Jahren erstreckte sich unser Wiesenfest von Samstag bis Montag. Ein H\u00f6hepunkt war damals der Montagabend. Nach unserem ausgefallenen Jubil\u00e4umsfest suchten wir nach neuen M\u00f6glichkeiten unser Fest zu gestalten.<\/p>\n<p>Der ehemalige Montagabend ist nun \u00e4hnlich dem heutigen Samstagabend. Das erste Orchester des MVN unter der Leitung von Michael unterh\u00e4lt das Publikum auf vielf\u00e4ltige Weisen.<\/p>\n<p>F\u00fcr die Neugestaltung unseres Unterhaltungsprogramms zeigten sich hier an erster Stelle unser Dirigent Michael f\u00fcr die Auswahl der Musikst\u00fccke und deren Einteilung und Martin f\u00fcr die Gesamt-Dramaturgie und das Rahmenprogramm verantwortlich. Unterst\u00fctzung erhielt das 1. Orchester von unseren S\u00e4ngern Linda, Walter, Martin und Stephan.<\/p>\n<p>Dieses Jahr gab es im Rahmenprogramm den L\u00e4nderwettstreit zwischen Schweiz und Deutschland, die Kinder-Witzeparade, den Wettstreit Klein gegen Gro\u00df, ein Musik-Quiz und den Tanzwettbewerb.<\/p>\n<p>Viel Anklang, sowohl im Publikum wie auch unter den S\u00e4ngerinnen und S\u00e4ngern fanden die Karaoke-Vorf\u00fchrungen.<\/p>\n<p>Trotz des etwas m\u00e4\u00dfigen Wetters hielt unser Publikum uns die Stange und wir feierten nach der Show gemeinsam an der Bar bis in die fr\u00fchen Morgenstunden.<\/p>\n<p><a href=\"https:\/\/www.musikverein-neuthard.de\/wp-content\/uploads\/2023\/07\/b4069054-c6d7-41f6-8451-b701e13c4598.jpeg\"><img loading=\"lazy\" decoding=\"async\" class=\"alignnone size-large wp-image-2454\" src=\"https:\/\/www.musikverein-neuthard.de\/wp-content\/uploads\/2023\/07\/b4069054-c6d7-41f6-8451-b701e13c4598-1024x478.jpeg\" alt=\"\" width=\"900\" height=\"420\" srcset=\"https:\/\/www.musikverein-neuthard.de\/wp-content\/uploads\/2023\/07\/b4069054-c6d7-41f6-8451-b701e13c4598-1024x478.jpeg 1024w, https:\/\/www.musikverein-neuthard.de\/wp-content\/uploads\/2023\/07\/b4069054-c6d7-41f6-8451-b701e13c4598-300x140.jpeg 300w, https:\/\/www.musikverein-neuthard.de\/wp-content\/uploads\/2023\/07\/b4069054-c6d7-41f6-8451-b701e13c4598-768x359.jpeg 768w, https:\/\/www.musikverein-neuthard.de\/wp-content\/uploads\/2023\/07\/b4069054-c6d7-41f6-8451-b701e13c4598-1536x717.jpeg 1536w, https:\/\/www.musikverein-neuthard.de\/wp-content\/uploads\/2023\/07\/b4069054-c6d7-41f6-8451-b701e13c4598.jpeg 2000w\" sizes=\"auto, (max-width: 900px) 100vw, 900px\" \/><\/a> <a href=\"https:\/\/www.musikverein-neuthard.de\/wp-content\/uploads\/2023\/07\/d252832a-ae8c-4f68-b3e9-7cb4b63cf863.jpeg\"><img loading=\"lazy\" decoding=\"async\" class=\"alignnone size-full wp-image-2455\" src=\"https:\/\/www.musikverein-neuthard.de\/wp-content\/uploads\/2023\/07\/d252832a-ae8c-4f68-b3e9-7cb4b63cf863.jpeg\" alt=\"\" width=\"1024\" height=\"768\" srcset=\"https:\/\/www.musikverein-neuthard.de\/wp-content\/uploads\/2023\/07\/d252832a-ae8c-4f68-b3e9-7cb4b63cf863.jpeg 1024w, https:\/\/www.musikverein-neuthard.de\/wp-content\/uploads\/2023\/07\/d252832a-ae8c-4f68-b3e9-7cb4b63cf863-300x225.jpeg 300w, https:\/\/www.musikverein-neuthard.de\/wp-content\/uploads\/2023\/07\/d252832a-ae8c-4f68-b3e9-7cb4b63cf863-768x576.jpeg 768w\" sizes=\"auto, (max-width: 1024px) 100vw, 1024px\" \/><\/a><\/p>\n","protected":false},"excerpt":{"rendered":"<p>Bis vor wenigen Jahren erstreckte sich unser Wiesenfest von Samstag bis Montag. Ein H\u00f6hepunkt war damals der Montagabend. Nach unserem ausgefallenen Jubil\u00e4umsfest suchten wir nach<\/p>\n","protected":false},"author":3,"featured_media":2452,"comment_status":"closed","ping_status":"closed","sticky":false,"template":"","format":"standard","meta":{"footnotes":""},"categories":[2],"tags":[],"class_list":["post-2451","post","type-post","status-publish","format-standard","has-post-thumbnail","hentry","category-aktuelles"],"_links":{"self":[{"href":"https:\/\/www.musikverein-neuthard.de\/index.php\/wp-json\/wp\/v2\/posts\/2451","targetHints":{"allow":["GET"]}}],"collection":[{"href":"https:\/\/www.musikverein-neuthard.de\/index.php\/wp-json\/wp\/v2\/posts"}],"about":[{"href":"https:\/\/www.musikverein-neuthard.de\/index.php\/wp-json\/wp\/v2\/types\/post"}],"author":[{"embeddable":true,"href":"https:\/\/www.musikverein-neuthard.de\/index.php\/wp-json\/wp\/v2\/users\/3"}],"replies":[{"embeddable":true,"href":"https:\/\/www.musikverein-neuthard.de\/index.php\/wp-json\/wp\/v2\/comments?post=2451"}],"version-history":[{"count":2,"href":"https:\/\/www.musikverein-neuthard.de\/index.php\/wp-json\/wp\/v2\/posts\/2451\/revisions"}],"predecessor-version":[{"id":2460,"href":"https:\/\/www.musikverein-neuthard.de\/index.php\/wp-json\/wp\/v2\/posts\/2451\/revisions\/2460"}],"wp:featuredmedia":[{"embeddable":true,"href":"https:\/\/www.musikverein-neuthard.de\/index.php\/wp-json\/wp\/v2\/media\/2452"}],"wp:attachment":[{"href":"https:\/\/www.musikverein-neuthard.de\/index.php\/wp-json\/wp\/v2\/media?parent=2451"}],"wp:term":[{"taxonomy":"category","embeddable":true,"href":"https:\/\/www.musikverein-neuthard.de\/index.php\/wp-json\/wp\/v2\/categories?post=2451"},{"taxonomy":"post_tag","embeddable":true,"href":"https:\/\/www.musikverein-neuthard.de\/index.php\/wp-json\/wp\/v2\/tags?post=2451"}],"curies":[{"name":"wp","href":"https:\/\/api.w.org\/{rel}","templated":true}]}}