{"id":2457,"date":"2023-07-24T22:16:25","date_gmt":"2023-07-24T20:16:25","guid":{"rendered":"https:\/\/www.musikverein-neuthard.de\/?p=2457"},"modified":"2023-07-26T22:17:17","modified_gmt":"2023-07-26T20:17:17","slug":"highlight-wiesenfest-auftritt-jugendorchester","status":"publish","type":"post","link":"https:\/\/www.musikverein-neuthard.de\/index.php\/2023\/07\/highlight-wiesenfest-auftritt-jugendorchester\/","title":{"rendered":"Highlights Wiesenfest \u2013 Auftritt Jugendorchester"},"content":{"rendered":"<p><a href=\"https:\/\/www.musikverein-neuthard.de\/wp-content\/uploads\/2023\/07\/IMG_6963-scaled.jpeg\"><img loading=\"lazy\" decoding=\"async\" class=\"alignnone size-large wp-image-2458\" src=\"https:\/\/www.musikverein-neuthard.de\/wp-content\/uploads\/2023\/07\/IMG_6963-1024x768.jpeg\" alt=\"\" width=\"900\" height=\"675\" \/><\/a><\/p>\n<p>Am fr\u00fchen Sonntagnachmittag stand der Auftritt des Jugendorchesters des Musikvereins Neuthard unter der Leitung von Markus Heneka an. Dabei durften wir uns \u00fcber die spontane Unterst\u00fctzung von f\u00fcnf jungen Musikern unserer Schweizer Freunde aus Frauenkappelen freuen. Bei Kaffee und Kuchen wurden die Besucher mit modernen St\u00fccken wie \u201eO Happy Day\u201c, \u201eWith Eyes of Fire\u201c und \u201eAll Star\u201c bestens unterhalten.<\/p>\n<p>Nach einer knappen Stunde verabschiedeten wir uns mit der Zugabe \u201eSeven Nation Army\u201c. Nach vielen Wochen intensiver Probearbeit k\u00f6nnen wir nun stolz und zufrieden auf unseren erfolgreichen Auftritt zur\u00fcckblicken. Besonders hervorzuheben ist, wie schnell sich die j\u00fcngsten Musiker des Jugendorchesters in den letzten Monaten weiterentwickelt haben und an ihren Herausforderungen gewachsen sind.<\/p>\n<p>Wir bedanken uns bei allen gekommenen Besuchern und freuen uns schon auf das <strong>n\u00e4chste Mal!<\/strong><\/p>\n","protected":false},"excerpt":{"rendered":"<p>Am fr\u00fchen Sonntagnachmittag stand der Auftritt des Jugendorchesters des Musikvereins Neuthard unter der Leitung von Markus Heneka an. Dabei durften wir uns \u00fcber die spontane<\/p>\n","protected":false},"author":3,"featured_media":2458,"comment_status":"closed","ping_status":"closed","sticky":false,"template":"","format":"standard","meta":{"footnotes":""},"categories":[2],"tags":[],"class_list":["post-2457","post","type-post","status-publish","format-standard","has-post-thumbnail","hentry","category-aktuelles"],"_links":{"self":[{"href":"https:\/\/www.musikverein-neuthard.de\/index.php\/wp-json\/wp\/v2\/posts\/2457","targetHints":{"allow":["GET"]}}],"collection":[{"href":"https:\/\/www.musikverein-neuthard.de\/index.php\/wp-json\/wp\/v2\/posts"}],"about":[{"href":"https:\/\/www.musikverein-neuthard.de\/index.php\/wp-json\/wp\/v2\/types\/post"}],"author":[{"embeddable":true,"href":"https:\/\/www.musikverein-neuthard.de\/index.php\/wp-json\/wp\/v2\/users\/3"}],"replies":[{"embeddable":true,"href":"https:\/\/www.musikverein-neuthard.de\/index.php\/wp-json\/wp\/v2\/comments?post=2457"}],"version-history":[{"count":2,"href":"https:\/\/www.musikverein-neuthard.de\/index.php\/wp-json\/wp\/v2\/posts\/2457\/revisions"}],"predecessor-version":[{"id":2461,"href":"https:\/\/www.musikverein-neuthard.de\/index.php\/wp-json\/wp\/v2\/posts\/2457\/revisions\/2461"}],"wp:featuredmedia":[{"embeddable":true,"href":"https:\/\/www.musikverein-neuthard.de\/index.php\/wp-json\/wp\/v2\/media\/2458"}],"wp:attachment":[{"href":"https:\/\/www.musikverein-neuthard.de\/index.php\/wp-json\/wp\/v2\/media?parent=2457"}],"wp:term":[{"taxonomy":"category","embeddable":true,"href":"https:\/\/www.musikverein-neuthard.de\/index.php\/wp-json\/wp\/v2\/categories?post=2457"},{"taxonomy":"post_tag","embeddable":true,"href":"https:\/\/www.musikverein-neuthard.de\/index.php\/wp-json\/wp\/v2\/tags?post=2457"}],"curies":[{"name":"wp","href":"https:\/\/api.w.org\/{rel}","templated":true}]}}