{"id":2620,"date":"2024-03-01T16:13:35","date_gmt":"2024-03-01T15:13:35","guid":{"rendered":"https:\/\/www.musikverein-neuthard.de\/?p=2620"},"modified":"2024-03-01T16:13:35","modified_gmt":"2024-03-01T15:13:35","slug":"nfd-kampagne-2024","status":"publish","type":"post","link":"https:\/\/www.musikverein-neuthard.de\/index.php\/2024\/03\/nfd-kampagne-2024\/","title":{"rendered":"NFD Kampagne 2024"},"content":{"rendered":"<p><a href=\"https:\/\/www.musikverein-neuthard.de\/wp-content\/uploads\/2024\/03\/46237127_240212073333823275-AS_Fasching-Frankfurt.jpg\"><img loading=\"lazy\" decoding=\"async\" class=\"alignnone size-large wp-image-2621\" src=\"https:\/\/www.musikverein-neuthard.de\/wp-content\/uploads\/2024\/03\/46237127_240212073333823275-AS_Fasching-Frankfurt-1024x765.jpg\" alt=\"\" width=\"900\" height=\"672\" srcset=\"https:\/\/www.musikverein-neuthard.de\/wp-content\/uploads\/2024\/03\/46237127_240212073333823275-AS_Fasching-Frankfurt-1024x765.jpg 1024w, https:\/\/www.musikverein-neuthard.de\/wp-content\/uploads\/2024\/03\/46237127_240212073333823275-AS_Fasching-Frankfurt-300x224.jpg 300w, https:\/\/www.musikverein-neuthard.de\/wp-content\/uploads\/2024\/03\/46237127_240212073333823275-AS_Fasching-Frankfurt-768x574.jpg 768w, https:\/\/www.musikverein-neuthard.de\/wp-content\/uploads\/2024\/03\/46237127_240212073333823275-AS_Fasching-Frankfurt-1536x1148.jpg 1536w, https:\/\/www.musikverein-neuthard.de\/wp-content\/uploads\/2024\/03\/46237127_240212073333823275-AS_Fasching-Frankfurt.jpg 1600w\" sizes=\"auto, (max-width: 900px) 100vw, 900px\" \/><\/a><\/p>\n<p>Dieses Jahr d\u00fcrfen die Mitglieder und Freunde der NFD wieder auf eine gelungene Faschingskampagne zur\u00fcckblicken. Den perfekten Startschuss f\u00fcr die Kampagne bildete die HCN-Prunksitzung bei der auch die NFD einen tollen Auftritt bei guter Stimmung hatte. Am n\u00e4chsten Tag ging es dann nach Bruchsal, wo wir von perfektem Wetter und einem gro\u00dfen gut gelaunten Publikum empfangen wurden. Das Wochenende darauf war dann Frankfurt angesagt. Wir hatten dieses Mal die Startnummer 28 und so wurde der Umzug zu einem sehr kurzweiligen und sch\u00f6nen Erlebnis. Dar\u00fcber hinaus war die NFD \u00fcber eineinhalb Minuten im Fernsehen zu sehen. Am Faschingsmontag war die NFD in Neuburg bei ihrem ehemaligen Pr\u00e4sidenten Michael Geissler und seiner Familie eingeladen. Der Umzug war einer der sch\u00f6nsten der Kampagne mit zahlreichen Tankstellen, was an alte Zeiten erinnerte. Danach wurde dann noch bei unserem Ex-Pr\u00e4sidenten daheim ausgiebig gefeiert. Am Faschingsdienstag war dann die NFD wieder ganz traditionell im eigenen Ort unterwegs und sammelte f\u00fcr den Verein. Bei dieser Gelegenheit m\u00f6chten wir uns noch mal recht herzlich bei allen Spendern und Tankstellenbetreibern bedanken. Mittags war dann der kr\u00f6nende Abschluss in B\u00fcchenau, wo die Stimmung sehr ausgelassen war.<\/p>\n<p>Wir der Elferrat sagen Danke f\u00fcr eine tolle Kampagne und eure zahlreiche Teilnahme bei den Umz\u00fcgen und freuen uns schon aufs n\u00e4chste Jahr mit euch, wenn es wieder hei\u00dft: Narri Narro, heit sima wieda do \u2026<\/p>\n<p>DB<\/p>\n","protected":false},"excerpt":{"rendered":"<p>Dieses Jahr d\u00fcrfen die Mitglieder und Freunde der NFD wieder auf eine gelungene Faschingskampagne zur\u00fcckblicken. Den perfekten Startschuss f\u00fcr die Kampagne bildete die HCN-Prunksitzung bei<\/p>\n","protected":false},"author":3,"featured_media":2621,"comment_status":"closed","ping_status":"closed","sticky":false,"template":"","format":"standard","meta":{"footnotes":""},"categories":[2],"tags":[],"class_list":["post-2620","post","type-post","status-publish","format-standard","has-post-thumbnail","hentry","category-aktuelles"],"_links":{"self":[{"href":"https:\/\/www.musikverein-neuthard.de\/index.php\/wp-json\/wp\/v2\/posts\/2620","targetHints":{"allow":["GET"]}}],"collection":[{"href":"https:\/\/www.musikverein-neuthard.de\/index.php\/wp-json\/wp\/v2\/posts"}],"about":[{"href":"https:\/\/www.musikverein-neuthard.de\/index.php\/wp-json\/wp\/v2\/types\/post"}],"author":[{"embeddable":true,"href":"https:\/\/www.musikverein-neuthard.de\/index.php\/wp-json\/wp\/v2\/users\/3"}],"replies":[{"embeddable":true,"href":"https:\/\/www.musikverein-neuthard.de\/index.php\/wp-json\/wp\/v2\/comments?post=2620"}],"version-history":[{"count":1,"href":"https:\/\/www.musikverein-neuthard.de\/index.php\/wp-json\/wp\/v2\/posts\/2620\/revisions"}],"predecessor-version":[{"id":2622,"href":"https:\/\/www.musikverein-neuthard.de\/index.php\/wp-json\/wp\/v2\/posts\/2620\/revisions\/2622"}],"wp:featuredmedia":[{"embeddable":true,"href":"https:\/\/www.musikverein-neuthard.de\/index.php\/wp-json\/wp\/v2\/media\/2621"}],"wp:attachment":[{"href":"https:\/\/www.musikverein-neuthard.de\/index.php\/wp-json\/wp\/v2\/media?parent=2620"}],"wp:term":[{"taxonomy":"category","embeddable":true,"href":"https:\/\/www.musikverein-neuthard.de\/index.php\/wp-json\/wp\/v2\/categories?post=2620"},{"taxonomy":"post_tag","embeddable":true,"href":"https:\/\/www.musikverein-neuthard.de\/index.php\/wp-json\/wp\/v2\/tags?post=2620"}],"curies":[{"name":"wp","href":"https:\/\/api.w.org\/{rel}","templated":true}]}}