{"id":2628,"date":"2024-03-01T16:17:07","date_gmt":"2024-03-01T15:17:07","guid":{"rendered":"https:\/\/www.musikverein-neuthard.de\/?p=2628"},"modified":"2024-03-01T16:17:19","modified_gmt":"2024-03-01T15:17:19","slug":"probenwochenende-in-heimischen-gefilden","status":"publish","type":"post","link":"https:\/\/www.musikverein-neuthard.de\/index.php\/2024\/03\/probenwochenende-in-heimischen-gefilden\/","title":{"rendered":"Probenwochenende in heimischen Gefilden"},"content":{"rendered":"<p><a href=\"https:\/\/www.musikverein-neuthard.de\/wp-content\/uploads\/2024\/03\/46301935_240226200637665825-AS_PXL-20240224-193803877MP-scaled.jpg\"><img loading=\"lazy\" decoding=\"async\" class=\"alignnone size-large wp-image-2629\" src=\"https:\/\/www.musikverein-neuthard.de\/wp-content\/uploads\/2024\/03\/46301935_240226200637665825-AS_PXL-20240224-193803877MP-768x1024.jpg\" alt=\"\" width=\"768\" height=\"1024\" srcset=\"https:\/\/www.musikverein-neuthard.de\/wp-content\/uploads\/2024\/03\/46301935_240226200637665825-AS_PXL-20240224-193803877MP-768x1024.jpg 768w, https:\/\/www.musikverein-neuthard.de\/wp-content\/uploads\/2024\/03\/46301935_240226200637665825-AS_PXL-20240224-193803877MP-225x300.jpg 225w, https:\/\/www.musikverein-neuthard.de\/wp-content\/uploads\/2024\/03\/46301935_240226200637665825-AS_PXL-20240224-193803877MP-1152x1536.jpg 1152w, https:\/\/www.musikverein-neuthard.de\/wp-content\/uploads\/2024\/03\/46301935_240226200637665825-AS_PXL-20240224-193803877MP-1536x2048.jpg 1536w, https:\/\/www.musikverein-neuthard.de\/wp-content\/uploads\/2024\/03\/46301935_240226200637665825-AS_PXL-20240224-193803877MP-scaled.jpg 1920w\" sizes=\"auto, (max-width: 768px) 100vw, 768px\" \/><\/a><\/p>\n<p>Jedes Jahr l\u00e4utet mit dem Probenwochenende das erst Orchester die hei\u00dfe Phase der Konzertvorbereitung ein. Aufgrund des fr\u00fchen Ostertermins liegt auch unser Fr\u00fchjahrskonzert dieses Jahr deutlich fr\u00fcher und unsere angestammte Herberge f\u00fcr das Probenwochenende hatte keinen Platz f\u00fcr uns.<\/p>\n<p>Wozu haben wir ein sch\u00f6nes Musikerheim? Kurzerhand verlegten wir unser Probenwochenende nach Neuthard und starteten am vergangenen Freitagabend mit den Musikproben um 19:30 Uhr. Nach anstrengenden 2.5 Stunden Proben und gem\u00fctlichem Beisammensein trafen wir uns am Samstag schon wieder auf 9:00 Uhr. Gesamtproben und Registerproben wechselten sich mit Mittagessen und Kaffeepause ab. Um 17:30 Uhr war unsere Kondition am Ende, aber unser Dirigent Michael Schuhmacher rundum zufrieden mit uns. Die Konzertvorbereitung hat gro\u00dfe Fortschritte gemacht und unser internationaler Durchbruch ist nur noch wenige Proben entfernt \u2026<\/p>\n","protected":false},"excerpt":{"rendered":"<p>Jedes Jahr l\u00e4utet mit dem Probenwochenende das erst Orchester die hei\u00dfe Phase der Konzertvorbereitung ein. Aufgrund des fr\u00fchen Ostertermins liegt auch unser Fr\u00fchjahrskonzert dieses Jahr<\/p>\n","protected":false},"author":3,"featured_media":2629,"comment_status":"closed","ping_status":"closed","sticky":false,"template":"","format":"standard","meta":{"footnotes":""},"categories":[2],"tags":[],"class_list":["post-2628","post","type-post","status-publish","format-standard","has-post-thumbnail","hentry","category-aktuelles"],"_links":{"self":[{"href":"https:\/\/www.musikverein-neuthard.de\/index.php\/wp-json\/wp\/v2\/posts\/2628","targetHints":{"allow":["GET"]}}],"collection":[{"href":"https:\/\/www.musikverein-neuthard.de\/index.php\/wp-json\/wp\/v2\/posts"}],"about":[{"href":"https:\/\/www.musikverein-neuthard.de\/index.php\/wp-json\/wp\/v2\/types\/post"}],"author":[{"embeddable":true,"href":"https:\/\/www.musikverein-neuthard.de\/index.php\/wp-json\/wp\/v2\/users\/3"}],"replies":[{"embeddable":true,"href":"https:\/\/www.musikverein-neuthard.de\/index.php\/wp-json\/wp\/v2\/comments?post=2628"}],"version-history":[{"count":2,"href":"https:\/\/www.musikverein-neuthard.de\/index.php\/wp-json\/wp\/v2\/posts\/2628\/revisions"}],"predecessor-version":[{"id":2631,"href":"https:\/\/www.musikverein-neuthard.de\/index.php\/wp-json\/wp\/v2\/posts\/2628\/revisions\/2631"}],"wp:featuredmedia":[{"embeddable":true,"href":"https:\/\/www.musikverein-neuthard.de\/index.php\/wp-json\/wp\/v2\/media\/2629"}],"wp:attachment":[{"href":"https:\/\/www.musikverein-neuthard.de\/index.php\/wp-json\/wp\/v2\/media?parent=2628"}],"wp:term":[{"taxonomy":"category","embeddable":true,"href":"https:\/\/www.musikverein-neuthard.de\/index.php\/wp-json\/wp\/v2\/categories?post=2628"},{"taxonomy":"post_tag","embeddable":true,"href":"https:\/\/www.musikverein-neuthard.de\/index.php\/wp-json\/wp\/v2\/tags?post=2628"}],"curies":[{"name":"wp","href":"https:\/\/api.w.org\/{rel}","templated":true}]}}